{"id":2554,"date":"2011-12-26T20:27:28","date_gmt":"2011-12-26T18:27:28","guid":{"rendered":"http:\/\/bloggen.fi\/skruttet\/?p=2554"},"modified":"2011-12-26T20:27:28","modified_gmt":"2011-12-26T18:27:28","slug":"vilken-underbar-kansla","status":"publish","type":"post","link":"https:\/\/blog.skruttet.com\/?p=2554","title":{"rendered":"Vilken underbar k\u00e4nsla!!"},"content":{"rendered":"<p>Annandagen i dag \ud83d\ude42<br \/>\n<a href=\"http:\/\/www.skruttet.com\/blog\/wp-content\/uploads\/2011\/12\/IMG_4543.jpg\"><img loading=\"lazy\" class=\"alignright size-medium wp-image-2555\" src=\"http:\/\/www.skruttet.com\/blog\/wp-content\/uploads\/2011\/12\/IMG_4543-225x300.jpg\" alt=\"\" width=\"225\" height=\"300\" srcset=\"https:\/\/blog.skruttet.com\/wp-content\/uploads\/2011\/12\/IMG_4543-225x300.jpg 225w, https:\/\/blog.skruttet.com\/wp-content\/uploads\/2011\/12\/IMG_4543-768x1024.jpg 768w, https:\/\/blog.skruttet.com\/wp-content\/uploads\/2011\/12\/IMG_4543.jpg 1368w\" sizes=\"(max-width: 225px) 100vw, 225px\" \/><\/a>Den uppm\u00e4rksammas p\u00e5 ett lite annorlunda s\u00e4tt h\u00e4r i \u00c4nglag\u00e5rden.\u00a0Bl.a. genom att f\u00f6r f\u00f6rsta g\u00e5ngen sedan fotoperationen st\u00e5 med vikt p\u00e5 b\u00e5da f\u00f6tter, dvs med halva kroppstyngden p\u00e5 foten \ud83d\ude42<\/p>\n<p>Ingen sm\u00e4rta k\u00e4ndes och under veckan tr\u00e4nar jag att st\u00e5 med hj\u00e4lp av min v\u00e4n kryckan \ud83d\ude42<br \/>\nAtt tr\u00e4na g\u00e5ngen med min v\u00e4n f\u00e5r dock v\u00e4nta till n\u00e4sta vecka \ud83d\ude42<\/p>\n<p>Vi kommer nog att bli goda v\u00e4nner, den nya finheten och jag!<\/p>\n<p>\u00c4nglakramar!<\/p>\n","protected":false},"excerpt":{"rendered":"<p>Annandagen i dag \ud83d\ude42 Den uppm\u00e4rksammas p\u00e5 ett lite annorlunda s\u00e4tt h\u00e4r i \u00c4nglag\u00e5rden.\u00a0Bl.a. genom att f\u00f6r f\u00f6rsta g\u00e5ngen sedan fotoperationen st\u00e5 med vikt p\u00e5 b\u00e5da f\u00f6tter, dvs med halva kroppstyngden p\u00e5 foten \ud83d\ude42 Ingen sm\u00e4rta k\u00e4ndes och under veckan &hellip; <a href=\"https:\/\/blog.skruttet.com\/?p=2554\">Forts\u00e4tt l\u00e4sa <span class=\"meta-nav\">&rarr;<\/span><\/a><\/p>\n","protected":false},"author":1,"featured_media":0,"comment_status":"open","ping_status":"closed","sticky":false,"template":"","format":"standard","meta":[],"categories":[10,13,16],"tags":[],"_links":{"self":[{"href":"https:\/\/blog.skruttet.com\/index.php?rest_route=\/wp\/v2\/posts\/2554"}],"collection":[{"href":"https:\/\/blog.skruttet.com\/index.php?rest_route=\/wp\/v2\/posts"}],"about":[{"href":"https:\/\/blog.skruttet.com\/index.php?rest_route=\/wp\/v2\/types\/post"}],"author":[{"embeddable":true,"href":"https:\/\/blog.skruttet.com\/index.php?rest_route=\/wp\/v2\/users\/1"}],"replies":[{"embeddable":true,"href":"https:\/\/blog.skruttet.com\/index.php?rest_route=%2Fwp%2Fv2%2Fcomments&post=2554"}],"version-history":[{"count":0,"href":"https:\/\/blog.skruttet.com\/index.php?rest_route=\/wp\/v2\/posts\/2554\/revisions"}],"wp:attachment":[{"href":"https:\/\/blog.skruttet.com\/index.php?rest_route=%2Fwp%2Fv2%2Fmedia&parent=2554"}],"wp:term":[{"taxonomy":"category","embeddable":true,"href":"https:\/\/blog.skruttet.com\/index.php?rest_route=%2Fwp%2Fv2%2Fcategories&post=2554"},{"taxonomy":"post_tag","embeddable":true,"href":"https:\/\/blog.skruttet.com\/index.php?rest_route=%2Fwp%2Fv2%2Ftags&post=2554"}],"curies":[{"name":"wp","href":"https:\/\/api.w.org\/{rel}","templated":true}]}}