{"id":2558,"date":"2011-12-31T00:24:26","date_gmt":"2011-12-30T22:24:26","guid":{"rendered":"http:\/\/bloggen.fi\/skruttet\/?p=2558"},"modified":"2011-12-31T00:24:26","modified_gmt":"2011-12-30T22:24:26","slug":"det-hanger-inte-pa-benen","status":"publish","type":"post","link":"https:\/\/blog.skruttet.com\/?p=2558","title":{"rendered":"Det h\u00e4nger inte p\u00e5 benen&#8230;"},"content":{"rendered":"<p>Under kv\u00e4llen har vi f\u00f6rlorat oss i en helt ny v\u00e4rld, jag och &lt;3-\u00c4ngeln.<br \/>\nVi har nyfiket letat, funderat \u00f6ver och fascinerats av hur otroligt mycket fina och praktiska l\u00f6sningar det finns f\u00f6r sm\u00e5barnsf\u00f6r\u00e4ldrar med funktionsneds\u00e4ttning.\u00a0Allt fr\u00e5n reglerbara sk\u00f6tsel anordningar till barnselar avsedda f\u00f6r f\u00f6r\u00e4ldrar som \u00e4r burna av rullstol!! Och ifall n\u00e5gon har tips p\u00e5 b\u00f6cker\/filmer\/l\u00e4nkar osv ang detta \u00e4mne s\u00e5 skulle jag vara v\u00e4ldigt tacksam!<\/p>\n<p><a href=\"http:\/\/www.skruttet.com\/blog\/wp-content\/uploads\/2011\/12\/fingerihand.jpg\"><img loading=\"lazy\" class=\"alignright size-medium wp-image-2559\" src=\"http:\/\/www.skruttet.com\/blog\/wp-content\/uploads\/2011\/12\/fingerihand-300x198.jpg\" alt=\"\" width=\"300\" height=\"198\" srcset=\"https:\/\/blog.skruttet.com\/wp-content\/uploads\/2011\/12\/fingerihand-300x198.jpg 300w, https:\/\/blog.skruttet.com\/wp-content\/uploads\/2011\/12\/fingerihand.jpg 350w\" sizes=\"(max-width: 300px) 100vw, 300px\" \/><\/a>Det g\u00f6r ont att bli ifr\u00e5gasatt f\u00f6r den jag i hela mitt liv har varit.<br \/>\nAtt bem\u00f6ta och bem\u00e4stra samh\u00e4llets f\u00f6rdomar. Att st\u00e4ndigt bevisa motsatser och visa att allt beh\u00f6ver inte ske enligt den &#8221;normala standarden&#8221; (vad \u00e4r normalt??)<\/p>\n<p>Jag har alltid varit lite &#8221;k\u00e4rringen mot str\u00f6mmen&#8221;, g\u00e5tt min egen v\u00e4g och slagit ifr\u00e5n mig v\u00e4lmenande rekommendationer. Det finns inga standard m\u00e4nniskor, alla \u00e4r vi individuella. Unika! Och n\u00e4r jag ser eller h\u00f6r ordet PROBLEM blinkar ordet l\u00f6sning i samma mening och the fighting spirit v\u00e4cks i mig!!<\/p>\n<p>Jag ser m\u00f6jligheter och g\u00f6r det till synes om\u00f6jliga ofta m\u00f6jligt. Jag ger mig inte f\u00f6re!! Och in i minsta best\u00e5ndsdel av mitt hj\u00e4rta vet jag att Livet i \u00c4nglag\u00e5rden \u00e4r en bra plats f\u00f6r barn att leva i. Min famn \u00e4r trygg och mitt hj\u00e4rta stort och barn\u00e4lskande; trots min funktionsneds\u00e4ttning.<\/p>\n<p>Och f\u00f6rm\u00e5gan att sk\u00f6ta och \u00e4lska ett barn sitter ju inte i benen!<br \/>\nVi k\u00e4mpar vidare!!<br \/>\n\u00c4nglakramar!!<\/p>\n","protected":false},"excerpt":{"rendered":"<p>Under kv\u00e4llen har vi f\u00f6rlorat oss i en helt ny v\u00e4rld, jag och &lt;3-\u00c4ngeln. Vi har nyfiket letat, funderat \u00f6ver och fascinerats av hur otroligt mycket fina och praktiska l\u00f6sningar det finns f\u00f6r sm\u00e5barnsf\u00f6r\u00e4ldrar med funktionsneds\u00e4ttning.\u00a0Allt fr\u00e5n reglerbara sk\u00f6tsel anordningar &hellip; <a href=\"https:\/\/blog.skruttet.com\/?p=2558\">Forts\u00e4tt l\u00e4sa <span class=\"meta-nav\">&rarr;<\/span><\/a><\/p>\n","protected":false},"author":1,"featured_media":0,"comment_status":"open","ping_status":"closed","sticky":false,"template":"","format":"standard","meta":[],"categories":[3,10,14,15,16],"tags":[],"_links":{"self":[{"href":"https:\/\/blog.skruttet.com\/index.php?rest_route=\/wp\/v2\/posts\/2558"}],"collection":[{"href":"https:\/\/blog.skruttet.com\/index.php?rest_route=\/wp\/v2\/posts"}],"about":[{"href":"https:\/\/blog.skruttet.com\/index.php?rest_route=\/wp\/v2\/types\/post"}],"author":[{"embeddable":true,"href":"https:\/\/blog.skruttet.com\/index.php?rest_route=\/wp\/v2\/users\/1"}],"replies":[{"embeddable":true,"href":"https:\/\/blog.skruttet.com\/index.php?rest_route=%2Fwp%2Fv2%2Fcomments&post=2558"}],"version-history":[{"count":0,"href":"https:\/\/blog.skruttet.com\/index.php?rest_route=\/wp\/v2\/posts\/2558\/revisions"}],"wp:attachment":[{"href":"https:\/\/blog.skruttet.com\/index.php?rest_route=%2Fwp%2Fv2%2Fmedia&parent=2558"}],"wp:term":[{"taxonomy":"category","embeddable":true,"href":"https:\/\/blog.skruttet.com\/index.php?rest_route=%2Fwp%2Fv2%2Fcategories&post=2558"},{"taxonomy":"post_tag","embeddable":true,"href":"https:\/\/blog.skruttet.com\/index.php?rest_route=%2Fwp%2Fv2%2Ftags&post=2558"}],"curies":[{"name":"wp","href":"https:\/\/api.w.org\/{rel}","templated":true}]}}