{"id":2609,"date":"2012-01-08T15:00:37","date_gmt":"2012-01-08T13:00:37","guid":{"rendered":"http:\/\/bloggen.fi\/skruttet\/?p=2609"},"modified":"2012-01-08T15:00:37","modified_gmt":"2012-01-08T13:00:37","slug":"sakta-gror-det-nya","status":"publish","type":"post","link":"https:\/\/blog.skruttet.com\/?p=2609","title":{"rendered":"Sakta gror det nya&#8230;."},"content":{"rendered":"<p>S\u00f6ndag i dag. F\u00f6rsta veckan p\u00e5 2012 \u00e4r snart till \u00e4nda.<br \/>\nLite program och m\u00e5sten finns det under inkommande vecka.<br \/>\nSk\u00f6nt! F\u00f6rs\u00f6ker fylla dagarna nu &#8211; det g\u00e5r bra vissa dagar!<br \/>\nSk\u00e4nker en tacksamhetens tanke till alla filmer och tv-serier som kommer.<\/p>\n<p>Utan dessa serier, blogg och \u00f6vrigt n\u00e4t skulle det nog bli l\u00e5ngtr\u00e5kigt i stora m\u00e5tt!!<br \/>\nMen \u00e4nnu tar det ganska l\u00e4nge med de vardagliga sysslor som annars brukar g\u00e5 av bara farten. Utan att man ens t\u00e4nker p\u00e5 det.<\/p>\n<p><a href=\"http:\/\/www.skruttet.com\/blog\/wp-content\/uploads\/2012\/01\/grodd.jpg\"><img loading=\"lazy\" class=\"alignright size-medium wp-image-2610\" src=\"http:\/\/www.skruttet.com\/blog\/wp-content\/uploads\/2012\/01\/grodd-300x205.jpg\" alt=\"\" width=\"300\" height=\"205\" srcset=\"https:\/\/blog.skruttet.com\/wp-content\/uploads\/2012\/01\/grodd-300x205.jpg 300w, https:\/\/blog.skruttet.com\/wp-content\/uploads\/2012\/01\/grodd-437x300.jpg 437w, https:\/\/blog.skruttet.com\/wp-content\/uploads\/2012\/01\/grodd.jpg 510w\" sizes=\"(max-width: 300px) 100vw, 300px\" \/><\/a>D\u00e5 jag satt med gipsad fot k\u00e4ndes det som om jag ALDRIG skulle komma till v\u00e4gs \u00e4nda med allt och f\u00e5 b\u00f6rja st\u00e5, st\u00f6da och g\u00e5. Nu \u00e4r jag h\u00e4r! \u00c4ven om det nog i och f\u00f6r sig k\u00e4nns l\u00e5ngt kvar innan n\u00e5gon av mina \u00c5ke (rullstolarna LYX- och konkurrenten L\u00e5ne-) sl\u00e4pps i sin helhet f\u00f6r att i st\u00e4llet studsa runt p\u00e5 min v\u00e4n Kryckan&#8230;.<\/p>\n<p>Men det \u00e4r v\u00e4rst n\u00e4r man \u00e4r i allt ihop!<br \/>\nNu just ser inte foten ut f\u00f6r v\u00e4rlden alls &#8211; svullen och med f\u00e4rska \u00e4rr.<br \/>\nFram\u00e5t g\u00e5r det och sakta men s\u00e4kert v\u00e4xer nya r\u00f6relsef\u00f6rm\u00e5gor fram &#8211; eller f\u00f6rnimmelser till dem. \u00a0Och oavsett resultat s\u00e5 blir det ju inte s\u00e4mre \u00e4n vad det var f\u00f6re. Det \u00e4r om\u00f6jligt! S\u00e5 det \u00e4r helt of\u00f6rklarligt hur glad jag \u00e4r f\u00f6r allt det nya som f\u00f6rsiktigt \u00a0<span style=\"line-height: 24px\">kommer.<\/p>\n<p>H\u00e4rliga saker!! <\/span><\/p>\n","protected":false},"excerpt":{"rendered":"<p>S\u00f6ndag i dag. F\u00f6rsta veckan p\u00e5 2012 \u00e4r snart till \u00e4nda. Lite program och m\u00e5sten finns det under inkommande vecka. Sk\u00f6nt! F\u00f6rs\u00f6ker fylla dagarna nu &#8211; det g\u00e5r bra vissa dagar! Sk\u00e4nker en tacksamhetens tanke till alla filmer och tv-serier &hellip; <a href=\"https:\/\/blog.skruttet.com\/?p=2609\">Forts\u00e4tt l\u00e4sa <span class=\"meta-nav\">&rarr;<\/span><\/a><\/p>\n","protected":false},"author":1,"featured_media":0,"comment_status":"open","ping_status":"closed","sticky":false,"template":"","format":"standard","meta":[],"categories":[10,13],"tags":[],"_links":{"self":[{"href":"https:\/\/blog.skruttet.com\/index.php?rest_route=\/wp\/v2\/posts\/2609"}],"collection":[{"href":"https:\/\/blog.skruttet.com\/index.php?rest_route=\/wp\/v2\/posts"}],"about":[{"href":"https:\/\/blog.skruttet.com\/index.php?rest_route=\/wp\/v2\/types\/post"}],"author":[{"embeddable":true,"href":"https:\/\/blog.skruttet.com\/index.php?rest_route=\/wp\/v2\/users\/1"}],"replies":[{"embeddable":true,"href":"https:\/\/blog.skruttet.com\/index.php?rest_route=%2Fwp%2Fv2%2Fcomments&post=2609"}],"version-history":[{"count":0,"href":"https:\/\/blog.skruttet.com\/index.php?rest_route=\/wp\/v2\/posts\/2609\/revisions"}],"wp:attachment":[{"href":"https:\/\/blog.skruttet.com\/index.php?rest_route=%2Fwp%2Fv2%2Fmedia&parent=2609"}],"wp:term":[{"taxonomy":"category","embeddable":true,"href":"https:\/\/blog.skruttet.com\/index.php?rest_route=%2Fwp%2Fv2%2Fcategories&post=2609"},{"taxonomy":"post_tag","embeddable":true,"href":"https:\/\/blog.skruttet.com\/index.php?rest_route=%2Fwp%2Fv2%2Ftags&post=2609"}],"curies":[{"name":"wp","href":"https:\/\/api.w.org\/{rel}","templated":true}]}}