{"id":2668,"date":"2012-01-19T09:37:00","date_gmt":"2012-01-19T07:37:00","guid":{"rendered":"http:\/\/bloggen.fi\/skruttet\/?p=2668"},"modified":"2012-01-19T09:37:00","modified_gmt":"2012-01-19T07:37:00","slug":"min-van-ljuset-och-jag","status":"publish","type":"post","link":"https:\/\/blog.skruttet.com\/?p=2668","title":{"rendered":"Min v\u00e4n ljuset och jag&#8230;."},"content":{"rendered":"<p>Andas! Kom ih\u00e5g att andas!<br \/>\nDet var tanken som r\u00f6rde sig i mitt huvud n\u00e4r f\u00f6tterna sv\u00e4ngdes \u00f6ver s\u00e4ngkanten i morse.<br \/>\nG\u00e4stad av en stelhet &#8217;from hell&#8217; efter nattens vila.<br \/>\nSakta r\u00f6rs t\u00e5rna &#8211; vidare upp i vristerna.<a href=\"http:\/\/www.skruttet.com\/blog\/wp-content\/uploads\/2012\/01\/jordgubbrabarber.jpg\"><img loading=\"lazy\" class=\"alignright size-full wp-image-2670\" src=\"http:\/\/www.skruttet.com\/blog\/wp-content\/uploads\/2012\/01\/jordgubbrabarber.jpg\" alt=\"\" width=\"272\" height=\"185\" \/><\/a><br \/>\nUpp mot kn\u00e4na. Kom i gen kroppen! Sn\u00e4lla! Tjura inte nu &#8211; bara f\u00f6r att stolen p\u00e5 hjul har varit min huvudsakliga f\u00f6ljeslagare sedan b\u00f6rjan p\u00e5 november.<\/p>\n<p>K\u00e4nner hur blodet b\u00f6rjar pumpa. Kroppen vaknar till liv och jag tar min v\u00e4n kryckan varsamt i hand.<br \/>\nG\u00e5r, med &lt;3-\u00c4ngelns hj\u00e4lp en liten runda och s\u00e4tter mig sedan till bords.<br \/>\nP\u00e5 en vanlig tr\u00e4stol och den f\u00f6rsuttna baken tackar mig f\u00f6r underlagsbytet \ud83d\ude42<br \/>\nNjuter av nybryggt morgonkaffe och 2 rostade mackor med ost.<br \/>\nFlyttar mig till stolen p\u00e5 hjul. &lt;3 &#8211; \u00c4ngeln ger mig ger mig en kram fylld av k\u00e4rlek.<br \/>\nVi s\u00e4ger: Ha en bra dag, \u00c4lskar dig hj\u00e4rtat!<\/p>\n<p>Jag kollar nyheter i v\u00e4lden och p\u00e5 hyllan bredvid mig brinner ett ljus med vacker, stillsam l\u00e5ga. K\u00e4nner en doft av jordgubb &#8211; rabarber sprida sig.<\/p>\n<p>En fin torsdag i \u00c4nglag\u00e5rden tar sin b\u00f6rjan!<\/p>\n","protected":false},"excerpt":{"rendered":"<p>Andas! Kom ih\u00e5g att andas! Det var tanken som r\u00f6rde sig i mitt huvud n\u00e4r f\u00f6tterna sv\u00e4ngdes \u00f6ver s\u00e4ngkanten i morse. G\u00e4stad av en stelhet &#8217;from hell&#8217; efter nattens vila. Sakta r\u00f6rs t\u00e5rna &#8211; vidare upp i vristerna. Upp mot &hellip; <a href=\"https:\/\/blog.skruttet.com\/?p=2668\">Forts\u00e4tt l\u00e4sa <span class=\"meta-nav\">&rarr;<\/span><\/a><\/p>\n","protected":false},"author":1,"featured_media":0,"comment_status":"open","ping_status":"closed","sticky":false,"template":"","format":"standard","meta":[],"categories":[10,13,14,16],"tags":[],"_links":{"self":[{"href":"https:\/\/blog.skruttet.com\/index.php?rest_route=\/wp\/v2\/posts\/2668"}],"collection":[{"href":"https:\/\/blog.skruttet.com\/index.php?rest_route=\/wp\/v2\/posts"}],"about":[{"href":"https:\/\/blog.skruttet.com\/index.php?rest_route=\/wp\/v2\/types\/post"}],"author":[{"embeddable":true,"href":"https:\/\/blog.skruttet.com\/index.php?rest_route=\/wp\/v2\/users\/1"}],"replies":[{"embeddable":true,"href":"https:\/\/blog.skruttet.com\/index.php?rest_route=%2Fwp%2Fv2%2Fcomments&post=2668"}],"version-history":[{"count":0,"href":"https:\/\/blog.skruttet.com\/index.php?rest_route=\/wp\/v2\/posts\/2668\/revisions"}],"wp:attachment":[{"href":"https:\/\/blog.skruttet.com\/index.php?rest_route=%2Fwp%2Fv2%2Fmedia&parent=2668"}],"wp:term":[{"taxonomy":"category","embeddable":true,"href":"https:\/\/blog.skruttet.com\/index.php?rest_route=%2Fwp%2Fv2%2Fcategories&post=2668"},{"taxonomy":"post_tag","embeddable":true,"href":"https:\/\/blog.skruttet.com\/index.php?rest_route=%2Fwp%2Fv2%2Ftags&post=2668"}],"curies":[{"name":"wp","href":"https:\/\/api.w.org\/{rel}","templated":true}]}}