{"id":2687,"date":"2012-01-21T13:56:41","date_gmt":"2012-01-21T11:56:41","guid":{"rendered":"http:\/\/bloggen.fi\/skruttet\/?p=2687"},"modified":"2012-01-21T13:56:41","modified_gmt":"2012-01-21T11:56:41","slug":"julen-ut-grisen-in","status":"publish","type":"post","link":"https:\/\/blog.skruttet.com\/?p=2687","title":{"rendered":"Julen ut &#8211; Grisen in!"},"content":{"rendered":"<p>Det \u00e4r en fin l\u00f6rdag i dag!<br \/>\nJulen har vi st\u00e4dat bort. Jag vet att 13.1 och Knut med sin tjogonddag har passerats men det g\u00f6r ingenting. Det g\u00e5r ju precis lika fint att sopa och \u00e4ta lite godis i dag, drygt en vecka senare \ud83d\ude09<\/p>\n<p>Gl\u00e4djande nog kan jag nu utf\u00f6ra l\u00e4ttare hush\u00e5llssyslor. S\u00e5 som att sortera tv\u00e4tt, l\u00e4gga ig\u00e5ng<a href=\"http:\/\/www.skruttet.com\/blog\/wp-content\/uploads\/2012\/01\/matsilverfat.jpg\"><img loading=\"lazy\" class=\"alignright size-medium wp-image-2688\" src=\"http:\/\/www.skruttet.com\/blog\/wp-content\/uploads\/2012\/01\/matsilverfat-300x199.jpg\" alt=\"\" width=\"300\" height=\"199\" srcset=\"https:\/\/blog.skruttet.com\/wp-content\/uploads\/2012\/01\/matsilverfat-300x199.jpg 300w, https:\/\/blog.skruttet.com\/wp-content\/uploads\/2012\/01\/matsilverfat-451x300.jpg 451w, https:\/\/blog.skruttet.com\/wp-content\/uploads\/2012\/01\/matsilverfat.jpg 752w\" sizes=\"(max-width: 300px) 100vw, 300px\" \/><\/a> tv\u00e4tt och diskmaskin osv. Jag gillar att tv\u00e4tta och diska. \u00c4ven som tidigare n\u00e4mnts att baka och till viss del ofta att koka. \ud83d\ude42<\/p>\n<p>I dag kommer vi gemensamt att agera kockar.\u00a0P\u00e5 menyn st\u00e5r gris innerfile och rotsaker i ugn. Till det lagas n\u00e5gon peppars\u00e5s \ud83d\ude42<\/p>\n<p>Enkelt och gott \u00e4r det! Lagar sig sj\u00e4lvt i ugnen \ud83d\ude42<br \/>\nVi experimenterar g\u00e4rna med s\u00e5dana &#8221;lagar sig sj\u00e4lvt&#8221; matr\u00e4tter.<br \/>\nDet \u00e4r roligt att prova nya recept. \u00c4ven om man skulle misslyckas med n\u00e5got s\u00e5 g\u00e5r ju v\u00e4rlden inte under f\u00f6r det. \u00c4tbart blir det v\u00e4l f\u00f6rhoppningsvis i allafall.<br \/>\nOm inte: D\u00e5 har man l\u00e4rt sig &#8211; maten ska ju inte serveras till presidenten.<br \/>\nLyckan blir b\u00e4ttre n\u00e4sta g\u00e5ng \ud83d\ude42<\/p>\n<p>P\u00e5 tal om presidenten ja. I morgon v\u00e4ljer vi ny President i Finland.<br \/>\nNog minns ni v\u00e4l att g\u00e5 och r\u00f6sta???<\/p>\n<p>\u00c4nglakramar!!<\/p>\n","protected":false},"excerpt":{"rendered":"<p>Det \u00e4r en fin l\u00f6rdag i dag! Julen har vi st\u00e4dat bort. Jag vet att 13.1 och Knut med sin tjogonddag har passerats men det g\u00f6r ingenting. Det g\u00e5r ju precis lika fint att sopa och \u00e4ta lite godis i &hellip; <a href=\"https:\/\/blog.skruttet.com\/?p=2687\">Forts\u00e4tt l\u00e4sa <span class=\"meta-nav\">&rarr;<\/span><\/a><\/p>\n","protected":false},"author":1,"featured_media":0,"comment_status":"open","ping_status":"closed","sticky":false,"template":"","format":"standard","meta":[],"categories":[10,16],"tags":[],"_links":{"self":[{"href":"https:\/\/blog.skruttet.com\/index.php?rest_route=\/wp\/v2\/posts\/2687"}],"collection":[{"href":"https:\/\/blog.skruttet.com\/index.php?rest_route=\/wp\/v2\/posts"}],"about":[{"href":"https:\/\/blog.skruttet.com\/index.php?rest_route=\/wp\/v2\/types\/post"}],"author":[{"embeddable":true,"href":"https:\/\/blog.skruttet.com\/index.php?rest_route=\/wp\/v2\/users\/1"}],"replies":[{"embeddable":true,"href":"https:\/\/blog.skruttet.com\/index.php?rest_route=%2Fwp%2Fv2%2Fcomments&post=2687"}],"version-history":[{"count":0,"href":"https:\/\/blog.skruttet.com\/index.php?rest_route=\/wp\/v2\/posts\/2687\/revisions"}],"wp:attachment":[{"href":"https:\/\/blog.skruttet.com\/index.php?rest_route=%2Fwp%2Fv2%2Fmedia&parent=2687"}],"wp:term":[{"taxonomy":"category","embeddable":true,"href":"https:\/\/blog.skruttet.com\/index.php?rest_route=%2Fwp%2Fv2%2Fcategories&post=2687"},{"taxonomy":"post_tag","embeddable":true,"href":"https:\/\/blog.skruttet.com\/index.php?rest_route=%2Fwp%2Fv2%2Ftags&post=2687"}],"curies":[{"name":"wp","href":"https:\/\/api.w.org\/{rel}","templated":true}]}}