{"id":2690,"date":"2012-01-22T14:45:41","date_gmt":"2012-01-22T12:45:41","guid":{"rendered":"http:\/\/bloggen.fi\/skruttet\/?p=2690"},"modified":"2012-01-22T14:45:41","modified_gmt":"2012-01-22T12:45:41","slug":"det-ar-liv-i-ladan","status":"publish","type":"post","link":"https:\/\/blog.skruttet.com\/?p=2690","title":{"rendered":"Det \u00e4r liv i l\u00e5dan!!"},"content":{"rendered":"<p>\u00c5h, sk\u00f6na fina s\u00f6ndag!!<br \/>\nVi hade en &#8217; frukost i s\u00e4ngen s\u00f6ndag&#8217; i dag. Har inte haft det p\u00e5, vad som k\u00e4nns, evigheter!<a href=\"http:\/\/www.skruttet.com\/blog\/wp-content\/uploads\/2012\/01\/br\u00f6dhj\u00e4rta1.jpg\"><img loading=\"lazy\" class=\"alignright size-medium wp-image-2692\" src=\"http:\/\/www.skruttet.com\/blog\/wp-content\/uploads\/2012\/01\/br\u00f6dhj\u00e4rta1-300x300.jpg\" alt=\"\" width=\"300\" height=\"300\" srcset=\"https:\/\/blog.skruttet.com\/wp-content\/uploads\/2012\/01\/br\u00f6dhj\u00e4rta1-300x300.jpg 300w, https:\/\/blog.skruttet.com\/wp-content\/uploads\/2012\/01\/br\u00f6dhj\u00e4rta1-150x150.jpg 150w, https:\/\/blog.skruttet.com\/wp-content\/uploads\/2012\/01\/br\u00f6dhj\u00e4rta1.jpg 440w\" sizes=\"(max-width: 300px) 100vw, 300px\" \/><\/a><br \/>\nK\u00e4nde hur mycket jag hade saknat det. Att ligga d\u00e4r nerb\u00e4ddad och mysa med en mugg nubryggt kaffe i handen. Kn\u00e4ppa p\u00e5 TV:n och ta del av Nyhetsmorgons nyhetsinslag och intervjuer.<\/p>\n<p>Efter kaffet var uppdrucket och de tv\u00e5 ostmackorna upp\u00e4tna h\u00e4vde jag f\u00f6tterna \u00f6ver s\u00e4ngkanten och granskade min vana troget foten. \u00a0Den ser fin ut! Svullnaden har avtagit och i st\u00e4llet f\u00f6r att, som tidigare se ut som en ballong, b\u00f6rjar det nu \u00e5ter se ut som en fot \ud83d\ude42<\/p>\n<p>Varje morgon tar jag en sv\u00e4ng via v\u00e5ra 2 akvarium och ser \u00f6ver v\u00e5ra fen f\u00f6rsedda v\u00e4nner.<br \/>\nS\u00e5 \u00e4ven i morse. Under den senaste tiden har de betett sig lite annorlunda. Speciellt d\u00e5 de senaste dagarna. I dag s\u00e5g &lt;3-\u00c4ngeln \u00a0f\u00f6rklaringen. D\u00e4r finns \u00e4gg!!<\/p>\n<p>I taket p\u00e5 Mangrooveroten h\u00e4nger det f\u00f6r f\u00f6rsta g\u00e5ngen en klase med gula \u00e4gg och hanen fl\u00e4ktar f\u00f6r fullt f\u00f6r att syres\u00e4tta de sm\u00e5 liven \ud83d\ude42<\/p>\n<p>Ska bli\u00a0\ufeffsp\u00e4nnande att f\u00f6lja utvecklingen\u00a0\ufeff\ufeff i glasl\u00e5dan nu!!<\/p>\n","protected":false},"excerpt":{"rendered":"<p>\u00c5h, sk\u00f6na fina s\u00f6ndag!! Vi hade en &#8217; frukost i s\u00e4ngen s\u00f6ndag&#8217; i dag. Har inte haft det p\u00e5, vad som k\u00e4nns, evigheter! K\u00e4nde hur mycket jag hade saknat det. Att ligga d\u00e4r nerb\u00e4ddad och mysa med en mugg nubryggt &hellip; <a href=\"https:\/\/blog.skruttet.com\/?p=2690\">Forts\u00e4tt l\u00e4sa <span class=\"meta-nav\">&rarr;<\/span><\/a><\/p>\n","protected":false},"author":1,"featured_media":0,"comment_status":"open","ping_status":"closed","sticky":false,"template":"","format":"standard","meta":[],"categories":[13,16],"tags":[],"_links":{"self":[{"href":"https:\/\/blog.skruttet.com\/index.php?rest_route=\/wp\/v2\/posts\/2690"}],"collection":[{"href":"https:\/\/blog.skruttet.com\/index.php?rest_route=\/wp\/v2\/posts"}],"about":[{"href":"https:\/\/blog.skruttet.com\/index.php?rest_route=\/wp\/v2\/types\/post"}],"author":[{"embeddable":true,"href":"https:\/\/blog.skruttet.com\/index.php?rest_route=\/wp\/v2\/users\/1"}],"replies":[{"embeddable":true,"href":"https:\/\/blog.skruttet.com\/index.php?rest_route=%2Fwp%2Fv2%2Fcomments&post=2690"}],"version-history":[{"count":0,"href":"https:\/\/blog.skruttet.com\/index.php?rest_route=\/wp\/v2\/posts\/2690\/revisions"}],"wp:attachment":[{"href":"https:\/\/blog.skruttet.com\/index.php?rest_route=%2Fwp%2Fv2%2Fmedia&parent=2690"}],"wp:term":[{"taxonomy":"category","embeddable":true,"href":"https:\/\/blog.skruttet.com\/index.php?rest_route=%2Fwp%2Fv2%2Fcategories&post=2690"},{"taxonomy":"post_tag","embeddable":true,"href":"https:\/\/blog.skruttet.com\/index.php?rest_route=%2Fwp%2Fv2%2Ftags&post=2690"}],"curies":[{"name":"wp","href":"https:\/\/api.w.org\/{rel}","templated":true}]}}