{"id":270,"date":"2007-05-24T22:25:56","date_gmt":"2007-05-24T20:25:56","guid":{"rendered":"http:\/\/det-blev-en-fin-dag-i-dag-"},"modified":"2007-05-24T22:25:56","modified_gmt":"2007-05-24T20:25:56","slug":"det-blev-en-fin-dag-i-dag","status":"publish","type":"post","link":"https:\/\/blog.skruttet.com\/?p=270","title":{"rendered":"Det blev en fin dag i dag :)"},"content":{"rendered":"<p><a href=\"http:\/\/bilder.bloggen.fi\/skruttet\/hj\u00e4rtaihand.jpg\"><img src=\"http:\/\/bilder.bloggen.fi\/skruttet\/thumb_hj\u00e4rtaihand.jpg\" align=\"right\" border=\"0\"><\/a><\/p>\n<div>Det blev en bra dag i dag \ud83d\ude42 <\/div>\n<div>Jag hade siktet inst\u00e4llt p\u00e5 att det skulle bli en bra dag! Har h\u00e5llits st\u00e5ende utan att ens tappa balansen en endaste g\u00e5ng, nu har jag \u00e5terf\u00e5tt marken under f\u00f6tterna och st\u00e5r r\u00e4tt stadigt&#8230; Och det \u00e4r n\u00e4stan s\u00e5 att jag ser fram emot n\u00e4sta veckas l\u00e4karbes\u00f6k s\u00e5 att jag en g\u00e5ng f\u00f6r alla skulle f\u00e5 knyta ihop s\u00e4cken med fr\u00e5n tiden med Endo&#8230;.. <\/div>\n<div>&nbsp;<\/div>\n<div>Jag har k\u00e4nt och skrivit m\u00e5nga g\u00e5nger att nu knyter jag ihop s\u00e4cken&#8230;.. Jag har trott att jag har gjort det, f\u00f6r att sedan en kort tid efter\u00e5t ramlat tillbaka och f\u00e5tt b\u00f6rja om&#8230;. Men det har v\u00e4l s\u00e4kert berott p\u00e5 att jag inte bearbetat k\u00e4nslorna tillr\u00e4ckligt&#8230; Jag har velat att det ska g\u00e5 fort, att jag ska kunna l\u00e4mna det bakom mig&#8230;. Och det helst ig\u00e5r!!!<\/div>\n<div>&nbsp;<\/div>\n<div>Men nu f\u00e5r jag d\u00e5 vackert ta emot allt vad mitt inre har att ge&#8230;. B\u00e5de positivt och negativt&#8230; Sen n\u00e4r jag trivs i min &#8221;nya&#8221; verklighet och kan acceptera att s\u00e5 h\u00e4r gick det nu&#8230;. D\u00e5 m\u00e5r jag bra och lyckligheten h\u00e5ller i sig! Jag tror p\u00e5 att lyckan kommer in ifr\u00e5n, f\u00f6r att kunna vara full\u00e4ndat lycklig m\u00e5ste&nbsp;\u00e4ven sj\u00e4len m\u00e5 bra!<\/div>\n<div>&nbsp;<\/div>\n<div>&nbsp;Och jag vet innerst inne att f\u00f6r att f\u00e5 livskvalite var det h\u00e4r det \u00e4nda r\u00e4tta f\u00f6r mig&#8230;. Jag f\u00f6rs\u00f6ker se det hela positivt&#8230;. \ud83d\ude42<\/div>\n<div>&nbsp;<\/div>\n<div>Positivt \u00e4r att jag nu kan:<\/div>\n<div>* Fara ut och resa, utan att beh\u00f6va vara orolig att sm\u00e4rtan ska bes\u00f6ka mig<\/div>\n<div>* Fara p\u00e5 fest utan att pga sm\u00e4rta \u00e5terv\u00e4nda hem efter en stund<\/div>\n<div>* Orka mera nu b\u00e5de fysiskt och psykiskt<\/div>\n<div>* Slippa passa dessa otaliga l\u00e4kartider<\/div>\n<div>* Slippa h\u00e5lla koll p\u00e5 att jag har tillr\u00e4ckligt med v\u00e4rkmediciner <\/div>\n<div>&nbsp;<\/div>\n<div>Det var BARA n\u00e5gra av alla de saker som blivit annorlunda i mitt liv. Men om man levt med l\u00e4ngvarig sm\u00e4rtproblematik s\u00e5 \u00e4r det s\u00e5 sv\u00e5rt att v\u00e4nja om sig&#8230; N\u00e4r det kommer n\u00e5got &#8221;i v\u00e4gen&#8221; som g\u00f6r mig p\u00e5mind om tiden om tiden med sm\u00e4rta&#8230;. s\u00e5 rasar jag ner n\u00e5gra avsatser igen&#8230;. Men jag \u00f6nskar jag kunde hitta ett s\u00e4tt som gjorde att jag, trots att jag blir p\u00e5mind om sm\u00e4rtan inte rasar! Att jag fortfarande st\u00e5r kvar!<\/div>\n<div>&nbsp;<\/div>\n<div>Att skriva och sl\u00e4ppa ut dessa ord \u00e4r ett s\u00e4tt.<\/div>\n<div>Och att l\u00e5ta tiden ha sin g\u00e5ng \u00e4r v\u00e4l ett annat..<\/div>\n<div>&nbsp;<\/div>\n<div>I morgon \u00e4r jag ledig fr\u00e5n allt vad tr\u00e4ning heter. D\u00e5 ska jag passa p\u00e5 att ha min&nbsp; inte-g\u00f6ra-n\u00e5gonting-dag! Det ska bli s\u00e5 SK\u00d6NT!!!<\/div>\n<div>&nbsp;<\/div>\n<div>H\u00e4r \u00e4r en l\u00e5t som passar mitt hum\u00f6r just nu:<\/div>\n<div>&nbsp;<a title=\"Someones Watching over me\" href=\"http:\/\/www.youtube.com\/watch?v=Uu7dM9rc334\">Someones Watching over me<\/a><\/div>\n<div>&nbsp;<\/div>\n<div>\u00c4nglakramar!!<\/div>\n","protected":false},"excerpt":{"rendered":"<p>Det blev en bra dag i dag \ud83d\ude42 Jag hade siktet inst\u00e4llt p\u00e5 att det skulle bli en bra dag! Har h\u00e5llits st\u00e5ende utan att ens tappa balansen en endaste g\u00e5ng, nu har jag \u00e5terf\u00e5tt marken under f\u00f6tterna och st\u00e5r &hellip; <a href=\"https:\/\/blog.skruttet.com\/?p=270\">Forts\u00e4tt l\u00e4sa <span class=\"meta-nav\">&rarr;<\/span><\/a><\/p>\n","protected":false},"author":1,"featured_media":0,"comment_status":"open","ping_status":"open","sticky":false,"template":"","format":"standard","meta":[],"categories":[8,10,11],"tags":[],"_links":{"self":[{"href":"https:\/\/blog.skruttet.com\/index.php?rest_route=\/wp\/v2\/posts\/270"}],"collection":[{"href":"https:\/\/blog.skruttet.com\/index.php?rest_route=\/wp\/v2\/posts"}],"about":[{"href":"https:\/\/blog.skruttet.com\/index.php?rest_route=\/wp\/v2\/types\/post"}],"author":[{"embeddable":true,"href":"https:\/\/blog.skruttet.com\/index.php?rest_route=\/wp\/v2\/users\/1"}],"replies":[{"embeddable":true,"href":"https:\/\/blog.skruttet.com\/index.php?rest_route=%2Fwp%2Fv2%2Fcomments&post=270"}],"version-history":[{"count":0,"href":"https:\/\/blog.skruttet.com\/index.php?rest_route=\/wp\/v2\/posts\/270\/revisions"}],"wp:attachment":[{"href":"https:\/\/blog.skruttet.com\/index.php?rest_route=%2Fwp%2Fv2%2Fmedia&parent=270"}],"wp:term":[{"taxonomy":"category","embeddable":true,"href":"https:\/\/blog.skruttet.com\/index.php?rest_route=%2Fwp%2Fv2%2Fcategories&post=270"},{"taxonomy":"post_tag","embeddable":true,"href":"https:\/\/blog.skruttet.com\/index.php?rest_route=%2Fwp%2Fv2%2Ftags&post=270"}],"curies":[{"name":"wp","href":"https:\/\/api.w.org\/{rel}","templated":true}]}}