{"id":2726,"date":"2012-01-27T10:25:31","date_gmt":"2012-01-27T08:25:31","guid":{"rendered":"http:\/\/bloggen.fi\/skruttet\/?p=2726"},"modified":"2012-01-27T10:25:31","modified_gmt":"2012-01-27T08:25:31","slug":"flashbacks","status":"publish","type":"post","link":"https:\/\/blog.skruttet.com\/?p=2726","title":{"rendered":"Flashbacks&#8230;.."},"content":{"rendered":"<p>Sista fredagen i januari \u00e4r det i dag.<br \/>\nVid frukosten sm\u00e5pratade vi som vanligt om dagens h\u00e4ndelser.<br \/>\nSamtalet ber\u00f6rde den kommande Till\u00e4ggsutredningen.<a href=\"http:\/\/www.skruttet.com\/blog\/wp-content\/uploads\/2012\/01\/eu-queria-ser-amor-geisa_121142241.jpg\"><img loading=\"lazy\" class=\"alignright size-medium wp-image-2732\" src=\"http:\/\/www.skruttet.com\/blog\/wp-content\/uploads\/2012\/01\/eu-queria-ser-amor-geisa_121142241-300x213.jpg\" alt=\"\" width=\"300\" height=\"213\" srcset=\"https:\/\/blog.skruttet.com\/wp-content\/uploads\/2012\/01\/eu-queria-ser-amor-geisa_121142241-300x213.jpg 300w, https:\/\/blog.skruttet.com\/wp-content\/uploads\/2012\/01\/eu-queria-ser-amor-geisa_121142241-422x300.jpg 422w, https:\/\/blog.skruttet.com\/wp-content\/uploads\/2012\/01\/eu-queria-ser-amor-geisa_121142241.jpg 500w\" sizes=\"(max-width: 300px) 100vw, 300px\" \/><\/a><br \/>\nUr mitt hj\u00e4rta str\u00f6mmar massor med k\u00e4nslor! Allt ligger p\u00e5 ytan. Salta t\u00e5rar rinner ner f\u00f6r kinderna. Ut kommer bekanta k\u00e4nslor. Det \u00e4r samma k\u00e4nslor som under tiden med\u00a0Endometriosen.<\/p>\n<p>N\u00e4r jag fick k\u00e4mpa med n\u00e4bbar och klor f\u00f6r att bli trodd, bli tagen p\u00e5 allvar inom v\u00e5rden. Sl\u00e5ss f\u00f6r att inte ifr\u00e5gas\u00e4ttas &#8211; allt jag beg\u00e4rde var ett liv med hanterbar sm\u00e4rta. Ett liv med livskvalit\u00e9. \u00a0Jag k\u00e4nde mig p\u00e5trampad. Och platt blev jag! Platt som en j\u00e4vla pannkaka. Borta var mina dr\u00f6mmar, de spelade ingen roll. V\u00e5rden k\u00f6rde sitt race.<br \/>\nLedsamt nog f\u00f6rmedlades jag &#8221;s\u00e5 h\u00e4r brukar vi g\u00f6ra &#8211; vi vet b\u00e4st &#8211; det h\u00e4r kan vi sj\u00e4lva&#8221; tanken.\u00a0Och jag var bollen man kastade runt mellan ett stort antal h\u00e4nder.<\/p>\n<p>Med ordens hj\u00e4lp h\u00f6ll jag mig flytande. Vid ett av dessa otaliga bes\u00f6k hamnade bollen, Thank God, \u00a0i famnen p\u00e5 den Opererande \u00c4ngeln som tog bort min Livmoder. Mina fr\u00e5gor fick sitt svar och det fantastiskt underbara \u00c4NGLATEAMET skapades. Det var det mest underbara som kunde ske! Vi k\u00e4mpade som ett team! Man kommunicerade med varandra och jag med min ordlek blev delaktig. Man s\u00e5g mina f\u00f6rm\u00e5gor som blev guld v\u00e4rda. Vi hade alla samma str\u00e4van: Att Leva Livet Leende &#8211; Trots Endometrios.<\/p>\n<p>Och det gick!! Jag och alla \u00c4nglar vann!!! \ud83d\ude09<\/p>\n<p>Nu under Den lilla handens resa ifr\u00e5gas\u00e4tts vi ocks\u00e5. Mycket.<br \/>\nMina fysiska f\u00f6rm\u00e5gor st\u00e5r i fokus. Allt det jag faktiskt kan (vilket \u00e4r ganska mycket) k\u00e4nns som n\u00e4stintill obetydligt. \u00a0Det v\u00e4nds och vrids. Och ibland lyser en aning tr\u00e5ngsynthet och f\u00f6rdomar igenom det tankes\u00e4tt vi m\u00f6ter.<\/p>\n<p>Jag tar \u00e4ven nu hj\u00e4lp av ordleken. Men skillnaden \u00e4r nu att jag vet att jag duger som jag \u00e4r, jag l\u00e5ter mig inte trampas p\u00e5. Vi tror p\u00e5 mina egna f\u00f6rm\u00e5gor, mina egna resurser och livserfarenhet. Jag vet att vi skulle bli goda f\u00f6r\u00e4ldrar. Hoppet finns! Vi hoppas f\u00f6rst m\u00f6ta Den opererande \u00c4ngelns motsvarighet. Bland de som har de sista beslutande ordet. Ett m\u00f6te som skulle beh\u00f6va ske snart.<\/p>\n<p>M\u00e4nniskorna med det speciella uppdraget \u00e4r fina! En fin kommunikation har det blivit under processen och po\u00e4ngteras b\u00f6r att vilken roll man \u00e4n h\u00e4r i Den lilla handens resa s\u00e5 \u00e4r \u00a0en en sak i allafall s\u00e4ker: Vi har <strong>alla<\/strong> samma str\u00e4van och samma m\u00e5l.<br \/>\nM\u00e5let att ge det lilla hj\u00e4rtat en trygg, k\u00e4rleksfull och god uppv\u00e4xt och ett gott hem &lt;3<\/p>\n<p>&nbsp;<\/p>\n","protected":false},"excerpt":{"rendered":"<p>Sista fredagen i januari \u00e4r det i dag. Vid frukosten sm\u00e5pratade vi som vanligt om dagens h\u00e4ndelser. Samtalet ber\u00f6rde den kommande Till\u00e4ggsutredningen. Ur mitt hj\u00e4rta str\u00f6mmar massor med k\u00e4nslor! Allt ligger p\u00e5 ytan. Salta t\u00e5rar rinner ner f\u00f6r kinderna. Ut &hellip; <a href=\"https:\/\/blog.skruttet.com\/?p=2726\">Forts\u00e4tt l\u00e4sa <span class=\"meta-nav\">&rarr;<\/span><\/a><\/p>\n","protected":false},"author":1,"featured_media":0,"comment_status":"open","ping_status":"closed","sticky":false,"template":"","format":"standard","meta":[],"categories":[3,11,14],"tags":[],"_links":{"self":[{"href":"https:\/\/blog.skruttet.com\/index.php?rest_route=\/wp\/v2\/posts\/2726"}],"collection":[{"href":"https:\/\/blog.skruttet.com\/index.php?rest_route=\/wp\/v2\/posts"}],"about":[{"href":"https:\/\/blog.skruttet.com\/index.php?rest_route=\/wp\/v2\/types\/post"}],"author":[{"embeddable":true,"href":"https:\/\/blog.skruttet.com\/index.php?rest_route=\/wp\/v2\/users\/1"}],"replies":[{"embeddable":true,"href":"https:\/\/blog.skruttet.com\/index.php?rest_route=%2Fwp%2Fv2%2Fcomments&post=2726"}],"version-history":[{"count":0,"href":"https:\/\/blog.skruttet.com\/index.php?rest_route=\/wp\/v2\/posts\/2726\/revisions"}],"wp:attachment":[{"href":"https:\/\/blog.skruttet.com\/index.php?rest_route=%2Fwp%2Fv2%2Fmedia&parent=2726"}],"wp:term":[{"taxonomy":"category","embeddable":true,"href":"https:\/\/blog.skruttet.com\/index.php?rest_route=%2Fwp%2Fv2%2Fcategories&post=2726"},{"taxonomy":"post_tag","embeddable":true,"href":"https:\/\/blog.skruttet.com\/index.php?rest_route=%2Fwp%2Fv2%2Ftags&post=2726"}],"curies":[{"name":"wp","href":"https:\/\/api.w.org\/{rel}","templated":true}]}}