{"id":2759,"date":"2012-01-31T14:42:58","date_gmt":"2012-01-31T12:42:58","guid":{"rendered":"http:\/\/bloggen.fi\/skruttet\/?p=2759"},"modified":"2012-01-31T14:42:58","modified_gmt":"2012-01-31T12:42:58","slug":"det-fina-motet","status":"publish","type":"post","link":"https:\/\/blog.skruttet.com\/?p=2759","title":{"rendered":"Det fina m\u00f6tet&#8230;.."},"content":{"rendered":"<p><a href=\"http:\/\/www.skruttet.com\/blog\/wp-content\/uploads\/2012\/01\/hand_2.jpg\"><img loading=\"lazy\" class=\"alignright size-medium wp-image-2761\" src=\"http:\/\/www.skruttet.com\/blog\/wp-content\/uploads\/2012\/01\/hand_2-300x198.jpg\" alt=\"\" width=\"300\" height=\"198\" srcset=\"https:\/\/blog.skruttet.com\/wp-content\/uploads\/2012\/01\/hand_2-300x198.jpg 300w, https:\/\/blog.skruttet.com\/wp-content\/uploads\/2012\/01\/hand_2-454x300.jpg 454w, https:\/\/blog.skruttet.com\/wp-content\/uploads\/2012\/01\/hand_2.jpg 600w\" sizes=\"(max-width: 300px) 100vw, 300px\" \/><\/a>F\u00f6r en tid sedan bokade vi tid till en v\u00e5rdande \u00c4ngel f\u00f6r att f\u00e5 svar p\u00e5 funderingar kring den Special Needs (SN) -lista som jag skrev om i ett\u00a0<a href=\"http:\/\/bloggen.fi\/skruttet\/2011\/11\/29\/alla-ar-vi-speciella\/\">tidigare<\/a> inl\u00e4gg.<\/p>\n<p>Sk\u00f6nt var det att f\u00e5 klarhet i vad olika ben\u00e4mningar betydde, p\u00e5 vilket s\u00e4tt de ger sig uttryck och hur det p\u00e5verkar det dagliga livet. Det blev ett fint m\u00f6te d\u00e4r Accept, Willing to discuss \u00a0och \u00a0Do not accept tankar fick bli till ord. Endel av v\u00e5ra tidigare kryss bytte plats, andra f\u00f6rblev som tidigare. Och det kan inte s\u00e4gas f\u00f6r m\u00e5nga g\u00e5nger att det viktiga \u00e4r att man \u00e4r \u00e4rlig i sitt kryssande och t\u00e4nker p\u00e5 den lilla \u00c4ngelns b\u00e4sta och vilka resurser det finns att tillg\u00e5!<\/p>\n<p>Det fina m\u00f6tet varade en god stund och utan stress fick v\u00e5ra funderingar svar.<br \/>\nEtt fr\u00e5n hj\u00e4rtat sagt &#8217;Lycka till, hoppas det g\u00e5r v\u00e4gen f\u00f6r er!&#8217; h\u00f6rdes innan d\u00f6rren st\u00e4ngdes.<br \/>\nOch med varmt hj\u00e4rta plockar jag med mig en k\u00e4nsla av att \u00e4nnu en bit har fallit p\u00e5 plats och en rej\u00e4l dos positivt t\u00e4nkande.<\/p>\n<p>Tack f\u00f6r det! Fina saker!!<br \/>\n\u00c4nglakramar!!<\/p>\n","protected":false},"excerpt":{"rendered":"<p>F\u00f6r en tid sedan bokade vi tid till en v\u00e5rdande \u00c4ngel f\u00f6r att f\u00e5 svar p\u00e5 funderingar kring den Special Needs (SN) -lista som jag skrev om i ett\u00a0tidigare inl\u00e4gg. Sk\u00f6nt var det att f\u00e5 klarhet i vad olika ben\u00e4mningar &hellip; <a href=\"https:\/\/blog.skruttet.com\/?p=2759\">Forts\u00e4tt l\u00e4sa <span class=\"meta-nav\">&rarr;<\/span><\/a><\/p>\n","protected":false},"author":1,"featured_media":0,"comment_status":"open","ping_status":"closed","sticky":false,"template":"","format":"standard","meta":[],"categories":[3,10,16],"tags":[],"_links":{"self":[{"href":"https:\/\/blog.skruttet.com\/index.php?rest_route=\/wp\/v2\/posts\/2759"}],"collection":[{"href":"https:\/\/blog.skruttet.com\/index.php?rest_route=\/wp\/v2\/posts"}],"about":[{"href":"https:\/\/blog.skruttet.com\/index.php?rest_route=\/wp\/v2\/types\/post"}],"author":[{"embeddable":true,"href":"https:\/\/blog.skruttet.com\/index.php?rest_route=\/wp\/v2\/users\/1"}],"replies":[{"embeddable":true,"href":"https:\/\/blog.skruttet.com\/index.php?rest_route=%2Fwp%2Fv2%2Fcomments&post=2759"}],"version-history":[{"count":0,"href":"https:\/\/blog.skruttet.com\/index.php?rest_route=\/wp\/v2\/posts\/2759\/revisions"}],"wp:attachment":[{"href":"https:\/\/blog.skruttet.com\/index.php?rest_route=%2Fwp%2Fv2%2Fmedia&parent=2759"}],"wp:term":[{"taxonomy":"category","embeddable":true,"href":"https:\/\/blog.skruttet.com\/index.php?rest_route=%2Fwp%2Fv2%2Fcategories&post=2759"},{"taxonomy":"post_tag","embeddable":true,"href":"https:\/\/blog.skruttet.com\/index.php?rest_route=%2Fwp%2Fv2%2Ftags&post=2759"}],"curies":[{"name":"wp","href":"https:\/\/api.w.org\/{rel}","templated":true}]}}