{"id":2766,"date":"2012-02-01T11:09:03","date_gmt":"2012-02-01T09:09:03","guid":{"rendered":"http:\/\/bloggen.fi\/skruttet\/?p=2766"},"modified":"2012-02-01T11:09:03","modified_gmt":"2012-02-01T09:09:03","slug":"sa-rastlos","status":"publish","type":"post","link":"https:\/\/blog.skruttet.com\/?p=2766","title":{"rendered":"S\u00e5 rastl\u00f6s&#8230;."},"content":{"rendered":"<p>Onsdag i dag \ud83d\ude42<\/p>\n<p><a href=\"http:\/\/www.skruttet.com\/blog\/wp-content\/uploads\/2012\/02\/skalman.jpg\"><img loading=\"lazy\" class=\"alignright size-medium wp-image-2767\" src=\"http:\/\/www.skruttet.com\/blog\/wp-content\/uploads\/2012\/02\/skalman-300x243.jpg\" alt=\"\" width=\"300\" height=\"243\" srcset=\"https:\/\/blog.skruttet.com\/wp-content\/uploads\/2012\/02\/skalman-300x243.jpg 300w, https:\/\/blog.skruttet.com\/wp-content\/uploads\/2012\/02\/skalman-369x300.jpg 369w, https:\/\/blog.skruttet.com\/wp-content\/uploads\/2012\/02\/skalman.jpg 400w\" sizes=\"(max-width: 300px) 100vw, 300px\" \/><\/a>B\u00f6rjar bli rastl\u00f6s i stora m\u00e5tt nu!<br \/>\nUnder de 3 senaste m\u00e5naderna verkligen k\u00e4nt mig begr\u00e4nsad och tiden till stor del har tillbringats hemma. K\u00e4nner mig som skalman &#8211; med sin \u00e4t &#8211; och sovklocka \ud83d\ude00<\/p>\n<p>Jag vill r\u00f6ra p\u00e5 mig, g\u00f6ra saker, resa, fysiskt tr\u00e4ffa folk (och inte bara via datorns sk\u00e4rm). Lyckligtvis b\u00f6rjar det ju g\u00e5 b\u00e4ttre att r\u00f6ra p\u00e5 mig!<\/p>\n<p>Har turligt nog trevliga saker p\u00e5 kommande och olika typer av besked v\u00e4ntas komma inom en n\u00e5gorlunda gripbar framtid. \u00a0Och den kv\u00e4llens tr\u00e4ff med helt fantastiska m\u00e4nniskor \u00e4r mycket v\u00e4lkommen!!<\/p>\n<p>Men f\u00f6rst kommer dagens tr\u00e4ning med den Behandlande \u00c4ngeln \ud83d\ude42<br \/>\nSka bli skoj att visa framstegen som skett under den g\u00e5ngna veckan!<\/p>\n<p>Nu talar klockan om att det \u00e4r dags att fixa lunch! \ud83d\ude00<br \/>\nHa en fin onsdag,<br \/>\n\u00c4nglakramar!!<\/p>\n","protected":false},"excerpt":{"rendered":"<p>Onsdag i dag \ud83d\ude42 B\u00f6rjar bli rastl\u00f6s i stora m\u00e5tt nu! Under de 3 senaste m\u00e5naderna verkligen k\u00e4nt mig begr\u00e4nsad och tiden till stor del har tillbringats hemma. K\u00e4nner mig som skalman &#8211; med sin \u00e4t &#8211; och sovklocka \ud83d\ude00 &hellip; <a href=\"https:\/\/blog.skruttet.com\/?p=2766\">Forts\u00e4tt l\u00e4sa <span class=\"meta-nav\">&rarr;<\/span><\/a><\/p>\n","protected":false},"author":1,"featured_media":0,"comment_status":"open","ping_status":"closed","sticky":false,"template":"","format":"standard","meta":[],"categories":[10,13,16],"tags":[],"_links":{"self":[{"href":"https:\/\/blog.skruttet.com\/index.php?rest_route=\/wp\/v2\/posts\/2766"}],"collection":[{"href":"https:\/\/blog.skruttet.com\/index.php?rest_route=\/wp\/v2\/posts"}],"about":[{"href":"https:\/\/blog.skruttet.com\/index.php?rest_route=\/wp\/v2\/types\/post"}],"author":[{"embeddable":true,"href":"https:\/\/blog.skruttet.com\/index.php?rest_route=\/wp\/v2\/users\/1"}],"replies":[{"embeddable":true,"href":"https:\/\/blog.skruttet.com\/index.php?rest_route=%2Fwp%2Fv2%2Fcomments&post=2766"}],"version-history":[{"count":0,"href":"https:\/\/blog.skruttet.com\/index.php?rest_route=\/wp\/v2\/posts\/2766\/revisions"}],"wp:attachment":[{"href":"https:\/\/blog.skruttet.com\/index.php?rest_route=%2Fwp%2Fv2%2Fmedia&parent=2766"}],"wp:term":[{"taxonomy":"category","embeddable":true,"href":"https:\/\/blog.skruttet.com\/index.php?rest_route=%2Fwp%2Fv2%2Fcategories&post=2766"},{"taxonomy":"post_tag","embeddable":true,"href":"https:\/\/blog.skruttet.com\/index.php?rest_route=%2Fwp%2Fv2%2Ftags&post=2766"}],"curies":[{"name":"wp","href":"https:\/\/api.w.org\/{rel}","templated":true}]}}