{"id":2775,"date":"2012-02-03T11:30:11","date_gmt":"2012-02-03T09:30:11","guid":{"rendered":"http:\/\/bloggen.fi\/skruttet\/?p=2775"},"modified":"2012-02-03T11:30:11","modified_gmt":"2012-02-03T09:30:11","slug":"nog-kunde-de-sy-alltid","status":"publish","type":"post","link":"https:\/\/blog.skruttet.com\/?p=2775","title":{"rendered":"Nog kunde de sy alltid!!!"},"content":{"rendered":"<p>Otroligt vacker dag \u00e4ven i dag \ud83d\ude42<a href=\"http:\/\/www.skruttet.com\/blog\/wp-content\/uploads\/2012\/02\/n\u00e5lt\u00e5d1.jpg\"><img loading=\"lazy\" class=\"alignright size-medium wp-image-2777\" src=\"http:\/\/www.skruttet.com\/blog\/wp-content\/uploads\/2012\/02\/n\u00e5lt\u00e5d1-300x232.jpg\" alt=\"\" width=\"300\" height=\"232\" srcset=\"https:\/\/blog.skruttet.com\/wp-content\/uploads\/2012\/02\/n\u00e5lt\u00e5d1-300x232.jpg 300w, https:\/\/blog.skruttet.com\/wp-content\/uploads\/2012\/02\/n\u00e5lt\u00e5d1-386x300.jpg 386w, https:\/\/blog.skruttet.com\/wp-content\/uploads\/2012\/02\/n\u00e5lt\u00e5d1.jpg 450w\" sizes=\"(max-width: 300px) 100vw, 300px\" \/><\/a><\/p>\n<p>Fredag och helg p\u00e5 kommande! Hoppas p\u00e5 lite varmare v\u00e4der s\u00e5 man kan dra p\u00e5 sig lager p\u00e5 lager och s\u00e4tta sig i vintersolen och njuta en stund. \ud83d\ude42<\/p>\n<p>Det \u00e4r s\u00e5 sk\u00f6nt med de f\u00f6rsiktigt v\u00e4rmande str\u00e5larna. Och t\u00e4nk att det redan \u00e4r februari!! Veckorna g\u00e5r rasande fort.<\/p>\n<p>Inkommande vecka \u00e4r det 3 m\u00e5nader sedan fotoperationen, allt \u00e4r helt och ig\u00e5r kunde jag f\u00f6rsta g\u00e5ngen njuta av bastu och ett underbart sk\u00f6nt fotbad! Ah, som jag hade v\u00e4ntat och l\u00e4ngtat!<\/p>\n<p>I dag k\u00e4nns helningsprocessen lite mer. Det trycker, drar och sticker.<br \/>\n\u00c4rren \u00e4r fantastiskt fina!\u00a0Det gl\u00e4djer mig att jag \u00e4ntligen f\u00e5r lite vacker brodyr p\u00e5 min t\u00e4tt \u00e4rr f\u00f6rsedda kropp,\u00a0d\u00e4r s\u00f6mnaden i bland har varit annan \u00e4n vacker.<\/p>\n<p>Ja, nog kunde \u00c4nglaprofessorerna sy alltid! Och jag kan faktiskt inte l\u00e5ta bli att \u00f6nska att jag skulle ha m\u00f6tt dem tidigare. \u00a0Jag \u00e4r s\u00e5 glad \u00f6ver allt det nya som det m\u00f6tet har givit.<br \/>\nMassor med sm\u00e5 nya r\u00f6relser. Sm\u00e5tt som jag vet att kommer betyda massor f\u00f6r mig l\u00e4ngre fram!<\/p>\n<p>Jag \u00e4r s\u00e5 glad s\u00e5 jag gr\u00e5ter &#8211; TACK \u00c4nglarna, TACK!!!<br \/>\n\u00c4nglakramar!!!<\/p>\n","protected":false},"excerpt":{"rendered":"<p>Otroligt vacker dag \u00e4ven i dag \ud83d\ude42 Fredag och helg p\u00e5 kommande! Hoppas p\u00e5 lite varmare v\u00e4der s\u00e5 man kan dra p\u00e5 sig lager p\u00e5 lager och s\u00e4tta sig i vintersolen och njuta en stund. \ud83d\ude42 Det \u00e4r s\u00e5 sk\u00f6nt &hellip; <a href=\"https:\/\/blog.skruttet.com\/?p=2775\">Forts\u00e4tt l\u00e4sa <span class=\"meta-nav\">&rarr;<\/span><\/a><\/p>\n","protected":false},"author":1,"featured_media":0,"comment_status":"open","ping_status":"closed","sticky":false,"template":"","format":"standard","meta":[],"categories":[10,13,16],"tags":[],"_links":{"self":[{"href":"https:\/\/blog.skruttet.com\/index.php?rest_route=\/wp\/v2\/posts\/2775"}],"collection":[{"href":"https:\/\/blog.skruttet.com\/index.php?rest_route=\/wp\/v2\/posts"}],"about":[{"href":"https:\/\/blog.skruttet.com\/index.php?rest_route=\/wp\/v2\/types\/post"}],"author":[{"embeddable":true,"href":"https:\/\/blog.skruttet.com\/index.php?rest_route=\/wp\/v2\/users\/1"}],"replies":[{"embeddable":true,"href":"https:\/\/blog.skruttet.com\/index.php?rest_route=%2Fwp%2Fv2%2Fcomments&post=2775"}],"version-history":[{"count":0,"href":"https:\/\/blog.skruttet.com\/index.php?rest_route=\/wp\/v2\/posts\/2775\/revisions"}],"wp:attachment":[{"href":"https:\/\/blog.skruttet.com\/index.php?rest_route=%2Fwp%2Fv2%2Fmedia&parent=2775"}],"wp:term":[{"taxonomy":"category","embeddable":true,"href":"https:\/\/blog.skruttet.com\/index.php?rest_route=%2Fwp%2Fv2%2Fcategories&post=2775"},{"taxonomy":"post_tag","embeddable":true,"href":"https:\/\/blog.skruttet.com\/index.php?rest_route=%2Fwp%2Fv2%2Ftags&post=2775"}],"curies":[{"name":"wp","href":"https:\/\/api.w.org\/{rel}","templated":true}]}}