{"id":2788,"date":"2012-02-04T16:16:43","date_gmt":"2012-02-04T14:16:43","guid":{"rendered":"http:\/\/bloggen.fi\/skruttet\/?p=2788"},"modified":"2012-02-04T16:16:43","modified_gmt":"2012-02-04T14:16:43","slug":"monopolspel-och-festival","status":"publish","type":"post","link":"https:\/\/blog.skruttet.com\/?p=2788","title":{"rendered":"Monopolspel och festival&#8230;"},"content":{"rendered":"<p>En sk\u00f6n helg s\u00e5 h\u00e4r l\u00e5ngt!<br \/>\nKyligt ute men inne i v\u00e4rmen \u00e4r allt v\u00e4l \ud83d\ude42<a href=\"http:\/\/www.skruttet.com\/blog\/wp-content\/uploads\/2012\/02\/monopol.jpg\"><img loading=\"lazy\" class=\"alignright size-medium wp-image-2790\" src=\"http:\/\/www.skruttet.com\/blog\/wp-content\/uploads\/2012\/02\/monopol-300x300.jpg\" alt=\"\" width=\"300\" height=\"300\" srcset=\"https:\/\/blog.skruttet.com\/wp-content\/uploads\/2012\/02\/monopol-300x300.jpg 300w, https:\/\/blog.skruttet.com\/wp-content\/uploads\/2012\/02\/monopol-150x150.jpg 150w, https:\/\/blog.skruttet.com\/wp-content\/uploads\/2012\/02\/monopol.jpg 400w\" sizes=\"(max-width: 300px) 100vw, 300px\" \/><\/a><\/p>\n<p>Jag fick f\u00f6r mig att baka i dag igen.<br \/>\n&lt;3-\u00c4ngeln hakade p\u00e5 bakandet.<br \/>\nDet blev \u00e4ppelkaka till kv\u00e4llskaffet.<\/p>\n<p>Och n\u00e4r vi \u00e4nd\u00e5 har ugnen varm s\u00e5 fixas Hasselbakspotatis med k\u00f6ttf\u00e4rsbiffar och wokgr\u00f6nsaker till middag. Mums!<\/p>\n<p>I kv\u00e4ll startar Melodifestivalen sin turn\u00e9, det sl\u00e4nger vi s\u00e4kert ett \u00f6ga p\u00e5 skulle jag tro. Men f\u00f6rst ska jag kl\u00e5 &lt;3-\u00c4ngeln i Monopol!<\/p>\n<p>Att spela s\u00e4llskapsspel tycker vi b\u00e5da \u00e4r trevligt \ud83d\ude42<br \/>\nM\u00e5 b\u00e4ste man eller kvinna vinna!!<\/p>\n<p>Ha en fin l\u00f6rdagskv\u00e4ll,<br \/>\n\u00c4nglakramar!!<\/p>\n","protected":false},"excerpt":{"rendered":"<p>En sk\u00f6n helg s\u00e5 h\u00e4r l\u00e5ngt! Kyligt ute men inne i v\u00e4rmen \u00e4r allt v\u00e4l \ud83d\ude42 Jag fick f\u00f6r mig att baka i dag igen. &lt;3-\u00c4ngeln hakade p\u00e5 bakandet. Det blev \u00e4ppelkaka till kv\u00e4llskaffet. Och n\u00e4r vi \u00e4nd\u00e5 har ugnen &hellip; <a href=\"https:\/\/blog.skruttet.com\/?p=2788\">Forts\u00e4tt l\u00e4sa <span class=\"meta-nav\">&rarr;<\/span><\/a><\/p>\n","protected":false},"author":1,"featured_media":0,"comment_status":"open","ping_status":"closed","sticky":false,"template":"","format":"standard","meta":[],"categories":[16],"tags":[],"_links":{"self":[{"href":"https:\/\/blog.skruttet.com\/index.php?rest_route=\/wp\/v2\/posts\/2788"}],"collection":[{"href":"https:\/\/blog.skruttet.com\/index.php?rest_route=\/wp\/v2\/posts"}],"about":[{"href":"https:\/\/blog.skruttet.com\/index.php?rest_route=\/wp\/v2\/types\/post"}],"author":[{"embeddable":true,"href":"https:\/\/blog.skruttet.com\/index.php?rest_route=\/wp\/v2\/users\/1"}],"replies":[{"embeddable":true,"href":"https:\/\/blog.skruttet.com\/index.php?rest_route=%2Fwp%2Fv2%2Fcomments&post=2788"}],"version-history":[{"count":0,"href":"https:\/\/blog.skruttet.com\/index.php?rest_route=\/wp\/v2\/posts\/2788\/revisions"}],"wp:attachment":[{"href":"https:\/\/blog.skruttet.com\/index.php?rest_route=%2Fwp%2Fv2%2Fmedia&parent=2788"}],"wp:term":[{"taxonomy":"category","embeddable":true,"href":"https:\/\/blog.skruttet.com\/index.php?rest_route=%2Fwp%2Fv2%2Fcategories&post=2788"},{"taxonomy":"post_tag","embeddable":true,"href":"https:\/\/blog.skruttet.com\/index.php?rest_route=%2Fwp%2Fv2%2Ftags&post=2788"}],"curies":[{"name":"wp","href":"https:\/\/api.w.org\/{rel}","templated":true}]}}