{"id":2823,"date":"2012-02-08T12:16:36","date_gmt":"2012-02-08T10:16:36","guid":{"rendered":"http:\/\/bloggen.fi\/skruttet\/?p=2823"},"modified":"2012-02-08T12:16:36","modified_gmt":"2012-02-08T10:16:36","slug":"likt-en-outslagen-blomma","status":"publish","type":"post","link":"https:\/\/blog.skruttet.com\/?p=2823","title":{"rendered":"Likt en outslagen blomma&#8230;."},"content":{"rendered":"<p><a href=\"http:\/\/www.skruttet.com\/blog\/wp-content\/uploads\/2012\/02\/rosenknopp.jpg\"><img loading=\"lazy\" class=\"alignright size-medium wp-image-2824\" src=\"http:\/\/www.skruttet.com\/blog\/wp-content\/uploads\/2012\/02\/rosenknopp-300x199.jpg\" alt=\"\" width=\"300\" height=\"199\" srcset=\"https:\/\/blog.skruttet.com\/wp-content\/uploads\/2012\/02\/rosenknopp-300x199.jpg 300w, https:\/\/blog.skruttet.com\/wp-content\/uploads\/2012\/02\/rosenknopp.jpg 400w\" sizes=\"(max-width: 300px) 100vw, 300px\" \/><\/a>Sitter och njuter med t\u00e4nda ljus och lugn musik \ud83d\ude42\u00a0Jag k\u00e4nner mig mycket tillfreds med tillvaron just nu!<\/p>\n<p>L\u00e4ngtan efter den lilla \u00c4ngeln som vi en dag hoppas f\u00e5 m\u00f6ta k\u00e4nns mer hanterbar just idag. Men den finns alltid d\u00e4r, i bland k\u00e4nns den mer. Ibland k\u00e4nns den s\u00e5 d\u00e4r h\u00e4rligt ljuv. Ibland s\u00e5 \u00e4ckligt tryckande. Likadant \u00e4r det med v\u00e4ntan. Ibland g\u00e5r det bra. Medan den ibland k\u00e4nns aningen tr\u00f6ttsamt o\u00e4ndlig.<\/p>\n<p>Just nu v\u00e4ntar vi p\u00e5 att f\u00e5 l\u00e4sa det till\u00e4gg som gjordes.<br \/>\nOm det \u00e4r n\u00e5got man f\u00e5r g\u00f6ra i processen s\u00e5 \u00e4r det just att v\u00e4nta!<br \/>\nRedan innan vi startade Adoptionsprocessen visste jag att det skulle bli en stor utmaning f\u00f6r min del att klara av att v\u00e4nta. Och d\u00e5 menar jag v\u00e4ntan utan tidsperspektiv.<br \/>\nV\u00e4ntan med k\u00e4nt tidsperspektiv g\u00e5r bra. Den tycker jag oftast om faktiskt.<br \/>\nDet betyder ju att n\u00e5t sker och man &#8217;v\u00e4ntar inte bara f\u00f6r att v\u00e4nta&#8217;.<\/p>\n<p>\u00c5terigen dyker samma k\u00e4nsla upp som under Endotiden.<br \/>\nN\u00e4r det blev allt f\u00f6r mycket &#8217;v\u00e4nta och se&#8217;&#8230;<br \/>\nJag brukar med galghumor s\u00e4ga: &#8217;Nog v\u00e4ntade vi! Och nog s\u00e5g vi! \u00c5tskilliga g\u00e5nger fick vi se den skoningsl\u00f6st eldh\u00e4rjande draken!&#8217;<\/p>\n<p>Nu f\u00f6rtiden ligger ju draken och sl\u00e4pper behagligt v\u00e4rmande fisar, vilket den inte finner som n\u00e5got speciellt roande tidsf\u00f6rdriv. \ud83d\ude42<\/p>\n<p>N\u00e4r hormonbehandlingen justeras (tycks dock ha hittat r\u00e4tt dos nu) blir fisarna, f\u00f6r en viss tid, till illaluktande pruttar som f\u00e5r mig att \u00f6nska att draken skulle hitta n\u00e5got f\u00f6r sin d\u00e5liga mage i st\u00e4llet f\u00f6r att f\u00f6rpesta min tillvaro!!<\/p>\n<p>Nu n\u00e4r drakens mage h\u00e5lls i skick och jag kan hantera tillvaron med en fisande drake till f\u00f6ljeslagare vill jag hitta ett s\u00e4tt att hantera n\u00e4mnd v\u00e4ntan med ovisst resultat p\u00e5. Jag har vid ett flertal tillf\u00e4llen k\u00e4nt och varit s\u00e4ker p\u00e5 att det kommer en tid, ett tillf\u00e4lle d\u00e5 jag ges den m\u00f6jligheten. Att finna nya tankes\u00e4tt. Nya s\u00e4tt att f\u00f6rh\u00e5lla mig till v\u00e4ntan i ovisshet. M\u00f6jlighet till personlig utveckling. Och det k\u00e4nns som den tiden,<br \/>\nden m\u00f6jligheten har kommit nu \ud83d\ude42<\/p>\n<p>En m\u00f6jlighet jag vill ta vara p\u00e5. Och som brukligt tar jag orden till hj\u00e4lp!<br \/>\nK\u00e4nner mig lite som en otuslagen blomma som har st\u00e5tt i \u00e5kerns tr\u00e4da.<br \/>\nNu har blomman blivit vattnad. Tack!!<\/p>\n<p>Ha en fin Onsdag,<br \/>\n\u00c4nglakramar!!<\/p>\n<p style=\"text-align: center\"><a href=\"http:\/\/www.youtube.com\/watch?v=0c10_3VG804&amp;feature=related\" target=\"_blank\">Yanni &#8211; One Man&#8217;s Dream<\/a><\/p>\n<p>&nbsp;<\/p>\n","protected":false},"excerpt":{"rendered":"<p>Sitter och njuter med t\u00e4nda ljus och lugn musik \ud83d\ude42\u00a0Jag k\u00e4nner mig mycket tillfreds med tillvaron just nu! L\u00e4ngtan efter den lilla \u00c4ngeln som vi en dag hoppas f\u00e5 m\u00f6ta k\u00e4nns mer hanterbar just idag. Men den finns alltid d\u00e4r, &hellip; <a href=\"https:\/\/blog.skruttet.com\/?p=2823\">Forts\u00e4tt l\u00e4sa <span class=\"meta-nav\">&rarr;<\/span><\/a><\/p>\n","protected":false},"author":1,"featured_media":0,"comment_status":"open","ping_status":"closed","sticky":false,"template":"","format":"standard","meta":[],"categories":[3,8,10,11,14,16],"tags":[],"_links":{"self":[{"href":"https:\/\/blog.skruttet.com\/index.php?rest_route=\/wp\/v2\/posts\/2823"}],"collection":[{"href":"https:\/\/blog.skruttet.com\/index.php?rest_route=\/wp\/v2\/posts"}],"about":[{"href":"https:\/\/blog.skruttet.com\/index.php?rest_route=\/wp\/v2\/types\/post"}],"author":[{"embeddable":true,"href":"https:\/\/blog.skruttet.com\/index.php?rest_route=\/wp\/v2\/users\/1"}],"replies":[{"embeddable":true,"href":"https:\/\/blog.skruttet.com\/index.php?rest_route=%2Fwp%2Fv2%2Fcomments&post=2823"}],"version-history":[{"count":0,"href":"https:\/\/blog.skruttet.com\/index.php?rest_route=\/wp\/v2\/posts\/2823\/revisions"}],"wp:attachment":[{"href":"https:\/\/blog.skruttet.com\/index.php?rest_route=%2Fwp%2Fv2%2Fmedia&parent=2823"}],"wp:term":[{"taxonomy":"category","embeddable":true,"href":"https:\/\/blog.skruttet.com\/index.php?rest_route=%2Fwp%2Fv2%2Fcategories&post=2823"},{"taxonomy":"post_tag","embeddable":true,"href":"https:\/\/blog.skruttet.com\/index.php?rest_route=%2Fwp%2Fv2%2Ftags&post=2823"}],"curies":[{"name":"wp","href":"https:\/\/api.w.org\/{rel}","templated":true}]}}