{"id":2858,"date":"2012-02-13T18:43:58","date_gmt":"2012-02-13T16:43:58","guid":{"rendered":"http:\/\/bloggen.fi\/skruttet\/?p=2858"},"modified":"2012-02-13T18:43:58","modified_gmt":"2012-02-13T16:43:58","slug":"det-gar-inte-annu","status":"publish","type":"post","link":"https:\/\/blog.skruttet.com\/?p=2858","title":{"rendered":"Det g\u00e5r inte \u00e4nnu&#8230;."},"content":{"rendered":"<p><a href=\"http:\/\/www.skruttet.com\/blog\/wp-content\/uploads\/2012\/02\/Aromakrus1.jpg\"><img loading=\"lazy\" class=\"alignright size-medium wp-image-2860\" src=\"http:\/\/www.skruttet.com\/blog\/wp-content\/uploads\/2012\/02\/Aromakrus1-245x300.jpg\" alt=\"\" width=\"245\" height=\"300\" srcset=\"https:\/\/blog.skruttet.com\/wp-content\/uploads\/2012\/02\/Aromakrus1-245x300.jpg 245w, https:\/\/blog.skruttet.com\/wp-content\/uploads\/2012\/02\/Aromakrus1.jpg 275w\" sizes=\"(max-width: 245px) 100vw, 245px\" \/><\/a>Ny vecka, nya m\u00f6jligheter!<br \/>\nEn bra dag med tr\u00e4ning har det varit. B\u00e5de jag och den behandlande \u00c4ngeln var n\u00f6jda med de framsteg som hittills skett.<\/p>\n<p>Darth Vader skapelsen stod hela dagen i ett h\u00f6rn i g\u00e5r. Det b\u00f6rjar g\u00e5 bra att st\u00f6da p\u00e5 foten. Men att g\u00e5 utan st\u00f6vel g\u00e5r inte \u00e4n, det g\u00f6r ont \u00e4nnu f\u00f6r ont.<\/p>\n<p>Men bara tiden f\u00e5r g\u00e5 s\u00e5 kommer det ocks\u00e5, r\u00f6relserna f\u00f6rm\u00e5gan som beh\u00f6vs finns i allafall. Mitt m\u00e5l \u00e4r att jag ska kunna g\u00e5 utan Vaders hj\u00e4lp n\u00e4r det \u00e4r dags f\u00f6r kontrollbes\u00f6k om en m\u00e5nad hos \u00c4nglaprofessorerna. Tiden f\u00f6r \u00e5terbes\u00f6ket har \u00e4ndrats till 13.3.<\/p>\n<p>Det \u00e4r bara s\u00e5 sk\u00f6nt att inte ha ont l\u00e4ngre! Och obeskrivligt sk\u00f6nt \u00e4r det att f\u00e5 bada bastu utan hindrande restriktioner!<\/p>\n<p>S\u00e5 nu dags f\u00f6r ett l\u00e5ngt bastubad!<br \/>\nHa en fin kv\u00e4ll,<br \/>\n\u00c4nglakramar!!<\/p>\n","protected":false},"excerpt":{"rendered":"<p>Ny vecka, nya m\u00f6jligheter! En bra dag med tr\u00e4ning har det varit. B\u00e5de jag och den behandlande \u00c4ngeln var n\u00f6jda med de framsteg som hittills skett. Darth Vader skapelsen stod hela dagen i ett h\u00f6rn i g\u00e5r. Det b\u00f6rjar g\u00e5 &hellip; <a href=\"https:\/\/blog.skruttet.com\/?p=2858\">Forts\u00e4tt l\u00e4sa <span class=\"meta-nav\">&rarr;<\/span><\/a><\/p>\n","protected":false},"author":1,"featured_media":0,"comment_status":"open","ping_status":"closed","sticky":false,"template":"","format":"standard","meta":[],"categories":[10,13,16],"tags":[],"_links":{"self":[{"href":"https:\/\/blog.skruttet.com\/index.php?rest_route=\/wp\/v2\/posts\/2858"}],"collection":[{"href":"https:\/\/blog.skruttet.com\/index.php?rest_route=\/wp\/v2\/posts"}],"about":[{"href":"https:\/\/blog.skruttet.com\/index.php?rest_route=\/wp\/v2\/types\/post"}],"author":[{"embeddable":true,"href":"https:\/\/blog.skruttet.com\/index.php?rest_route=\/wp\/v2\/users\/1"}],"replies":[{"embeddable":true,"href":"https:\/\/blog.skruttet.com\/index.php?rest_route=%2Fwp%2Fv2%2Fcomments&post=2858"}],"version-history":[{"count":0,"href":"https:\/\/blog.skruttet.com\/index.php?rest_route=\/wp\/v2\/posts\/2858\/revisions"}],"wp:attachment":[{"href":"https:\/\/blog.skruttet.com\/index.php?rest_route=%2Fwp%2Fv2%2Fmedia&parent=2858"}],"wp:term":[{"taxonomy":"category","embeddable":true,"href":"https:\/\/blog.skruttet.com\/index.php?rest_route=%2Fwp%2Fv2%2Fcategories&post=2858"},{"taxonomy":"post_tag","embeddable":true,"href":"https:\/\/blog.skruttet.com\/index.php?rest_route=%2Fwp%2Fv2%2Ftags&post=2858"}],"curies":[{"name":"wp","href":"https:\/\/api.w.org\/{rel}","templated":true}]}}