{"id":2862,"date":"2012-02-14T23:55:50","date_gmt":"2012-02-14T21:55:50","guid":{"rendered":"http:\/\/bloggen.fi\/skruttet\/?p=2862"},"modified":"2012-02-14T23:55:50","modified_gmt":"2012-02-14T21:55:50","slug":"hjartedagen-i-anglagarden","status":"publish","type":"post","link":"https:\/\/blog.skruttet.com\/?p=2862","title":{"rendered":"Hj\u00e4rtedagen i \u00c4nglag\u00e5rden&#8230;"},"content":{"rendered":"<p><a href=\"http:\/\/www.skruttet.com\/blog\/wp-content\/uploads\/2012\/02\/geisha_74026248.jpg\"><img loading=\"lazy\" class=\"alignright size-medium wp-image-2863\" src=\"http:\/\/www.skruttet.com\/blog\/wp-content\/uploads\/2012\/02\/geisha_74026248-300x244.jpg\" alt=\"\" width=\"300\" height=\"244\" srcset=\"https:\/\/blog.skruttet.com\/wp-content\/uploads\/2012\/02\/geisha_74026248-300x244.jpg 300w, https:\/\/blog.skruttet.com\/wp-content\/uploads\/2012\/02\/geisha_74026248-368x300.jpg 368w, https:\/\/blog.skruttet.com\/wp-content\/uploads\/2012\/02\/geisha_74026248.jpg 400w\" sizes=\"(max-width: 300px) 100vw, 300px\" \/><\/a>En lugn v\u00e4n\/alla &lt;3 ans dag har det varit h\u00e4r i \u00c4nglag\u00e5rden. Lite choklad har vi \u00e4tit ur hj\u00e4rtformad ask och kramat varandra lite extra har vi ocks\u00e5 gjort.<\/p>\n<p>Hj\u00e4rtedagen \u00e4r s\u00e5 kommersiell &#8211; Det l\u00e4r ju alldeles s\u00e4kert ha s\u00e5lts m\u00e4ngder av choklad och blommor i dag \ud83d\ude09<\/p>\n<p>Jag har blivit ordentligt f\u00f6rkyld. \u00c4ntligen har det brutit ut ordentligt! Sk\u00f6nt, har k\u00e4nt mig halvrisig ett tag &#8211; med halsont och dyl.<\/p>\n<p>Har sovit i omg\u00e5ngar i dag. Ser p\u00e5 klockan som s\u00e4ger att det \u00e4r dags att leta sig i s\u00e4ng igen.<br \/>\nGodnatt,<br \/>\n\u00c4nglakramar!!<\/p>\n","protected":false},"excerpt":{"rendered":"<p>En lugn v\u00e4n\/alla &lt;3 ans dag har det varit h\u00e4r i \u00c4nglag\u00e5rden. Lite choklad har vi \u00e4tit ur hj\u00e4rtformad ask och kramat varandra lite extra har vi ocks\u00e5 gjort. Hj\u00e4rtedagen \u00e4r s\u00e5 kommersiell &#8211; Det l\u00e4r ju alldeles s\u00e4kert ha &hellip; <a href=\"https:\/\/blog.skruttet.com\/?p=2862\">Forts\u00e4tt l\u00e4sa <span class=\"meta-nav\">&rarr;<\/span><\/a><\/p>\n","protected":false},"author":1,"featured_media":0,"comment_status":"open","ping_status":"closed","sticky":false,"template":"","format":"standard","meta":[],"categories":[16],"tags":[],"_links":{"self":[{"href":"https:\/\/blog.skruttet.com\/index.php?rest_route=\/wp\/v2\/posts\/2862"}],"collection":[{"href":"https:\/\/blog.skruttet.com\/index.php?rest_route=\/wp\/v2\/posts"}],"about":[{"href":"https:\/\/blog.skruttet.com\/index.php?rest_route=\/wp\/v2\/types\/post"}],"author":[{"embeddable":true,"href":"https:\/\/blog.skruttet.com\/index.php?rest_route=\/wp\/v2\/users\/1"}],"replies":[{"embeddable":true,"href":"https:\/\/blog.skruttet.com\/index.php?rest_route=%2Fwp%2Fv2%2Fcomments&post=2862"}],"version-history":[{"count":0,"href":"https:\/\/blog.skruttet.com\/index.php?rest_route=\/wp\/v2\/posts\/2862\/revisions"}],"wp:attachment":[{"href":"https:\/\/blog.skruttet.com\/index.php?rest_route=%2Fwp%2Fv2%2Fmedia&parent=2862"}],"wp:term":[{"taxonomy":"category","embeddable":true,"href":"https:\/\/blog.skruttet.com\/index.php?rest_route=%2Fwp%2Fv2%2Fcategories&post=2862"},{"taxonomy":"post_tag","embeddable":true,"href":"https:\/\/blog.skruttet.com\/index.php?rest_route=%2Fwp%2Fv2%2Ftags&post=2862"}],"curies":[{"name":"wp","href":"https:\/\/api.w.org\/{rel}","templated":true}]}}