{"id":2885,"date":"2012-02-22T10:17:55","date_gmt":"2012-02-22T08:17:55","guid":{"rendered":"http:\/\/bloggen.fi\/skruttet\/?p=2885"},"modified":"2012-02-22T10:17:55","modified_gmt":"2012-02-22T08:17:55","slug":"2885","status":"publish","type":"post","link":"https:\/\/blog.skruttet.com\/?p=2885","title":{"rendered":"En f\u00f6rtr\u00e4fflig Onsdag&#8230;"},"content":{"rendered":"<p><a href=\"http:\/\/www.skruttet.com\/blog\/wp-content\/uploads\/2012\/02\/vintertrad.jpg\"><img loading=\"lazy\" class=\"alignright size-medium wp-image-2886\" src=\"http:\/\/www.skruttet.com\/blog\/wp-content\/uploads\/2012\/02\/vintertrad-300x204.jpg\" alt=\"\" width=\"300\" height=\"204\" srcset=\"https:\/\/blog.skruttet.com\/wp-content\/uploads\/2012\/02\/vintertrad-300x204.jpg 300w, https:\/\/blog.skruttet.com\/wp-content\/uploads\/2012\/02\/vintertrad.jpg 400w\" sizes=\"(max-width: 300px) 100vw, 300px\" \/><\/a>En alldeles f\u00f6rtr\u00e4ffligt bra onsdags morgon har det varit hittills!<br \/>\nSolen kikar fram mellan tr\u00e4den, m\u00e4taren visar runt noll. Sk\u00f6nt med varmare v\u00e4der!<br \/>\nDet ljusnar snabbt p\u00e5 morgon nu &#8211; ljusare f\u00f6r varje dag. \ud83d\ude42<\/p>\n<p>En kopp gott morgonkaffe, lite mailande och surfande.\u00a0Intressant l\u00e4sning av varierande slag.<\/p>\n<p>Har inga speciella planer i dag, f\u00f6rutom lite tr\u00e4ning p\u00e5 egen hand. Men f\u00f6rsiktigt bara, var lite f\u00f6r duktig ig\u00e5r. Sjukt i dag, men det blir det alltid vid nya r\u00f6relser eller belastningar.<br \/>\nDet \u00e4nda som st\u00f6r just nu \u00e4r att finheten \u00e4r ganska svullen. Men det \u00e4r ju l\u00e4tt avhj\u00e4lpt med h\u00f6gl\u00e4ge \ud83d\ude42<\/p>\n<p>Ha en fin Onsdag,<br \/>\n\u00c4nglakramar!<\/p>\n<p>(googlad bild)<\/p>\n","protected":false},"excerpt":{"rendered":"<p>En alldeles f\u00f6rtr\u00e4ffligt bra onsdags morgon har det varit hittills! Solen kikar fram mellan tr\u00e4den, m\u00e4taren visar runt noll. Sk\u00f6nt med varmare v\u00e4der! Det ljusnar snabbt p\u00e5 morgon nu &#8211; ljusare f\u00f6r varje dag. \ud83d\ude42 En kopp gott morgonkaffe, lite &hellip; <a href=\"https:\/\/blog.skruttet.com\/?p=2885\">Forts\u00e4tt l\u00e4sa <span class=\"meta-nav\">&rarr;<\/span><\/a><\/p>\n","protected":false},"author":1,"featured_media":0,"comment_status":"open","ping_status":"closed","sticky":false,"template":"","format":"standard","meta":[],"categories":[13,16],"tags":[],"_links":{"self":[{"href":"https:\/\/blog.skruttet.com\/index.php?rest_route=\/wp\/v2\/posts\/2885"}],"collection":[{"href":"https:\/\/blog.skruttet.com\/index.php?rest_route=\/wp\/v2\/posts"}],"about":[{"href":"https:\/\/blog.skruttet.com\/index.php?rest_route=\/wp\/v2\/types\/post"}],"author":[{"embeddable":true,"href":"https:\/\/blog.skruttet.com\/index.php?rest_route=\/wp\/v2\/users\/1"}],"replies":[{"embeddable":true,"href":"https:\/\/blog.skruttet.com\/index.php?rest_route=%2Fwp%2Fv2%2Fcomments&post=2885"}],"version-history":[{"count":0,"href":"https:\/\/blog.skruttet.com\/index.php?rest_route=\/wp\/v2\/posts\/2885\/revisions"}],"wp:attachment":[{"href":"https:\/\/blog.skruttet.com\/index.php?rest_route=%2Fwp%2Fv2%2Fmedia&parent=2885"}],"wp:term":[{"taxonomy":"category","embeddable":true,"href":"https:\/\/blog.skruttet.com\/index.php?rest_route=%2Fwp%2Fv2%2Fcategories&post=2885"},{"taxonomy":"post_tag","embeddable":true,"href":"https:\/\/blog.skruttet.com\/index.php?rest_route=%2Fwp%2Fv2%2Ftags&post=2885"}],"curies":[{"name":"wp","href":"https:\/\/api.w.org\/{rel}","templated":true}]}}