{"id":2899,"date":"2012-02-25T12:17:17","date_gmt":"2012-02-25T10:17:17","guid":{"rendered":"http:\/\/bloggen.fi\/skruttet\/?p=2899"},"modified":"2012-02-25T12:17:17","modified_gmt":"2012-02-25T10:17:17","slug":"valkommen-hem-2","status":"publish","type":"post","link":"https:\/\/blog.skruttet.com\/?p=2899","title":{"rendered":"V\u00c4LKOMMEN HEM!"},"content":{"rendered":"<p style=\"text-align: left\"><a href=\"http:\/\/www.skruttet.com\/blog\/wp-content\/uploads\/2012\/02\/rosa-ballonger2.jpg\"><img loading=\"lazy\" class=\"alignright size-medium wp-image-2902\" src=\"http:\/\/www.skruttet.com\/blog\/wp-content\/uploads\/2012\/02\/rosa-ballonger2-300x195.jpg\" alt=\"\" width=\"300\" height=\"195\" srcset=\"https:\/\/blog.skruttet.com\/wp-content\/uploads\/2012\/02\/rosa-ballonger2-300x195.jpg 300w, https:\/\/blog.skruttet.com\/wp-content\/uploads\/2012\/02\/rosa-ballonger2.jpg 460w\" sizes=\"(max-width: 300px) 100vw, 300px\" \/><\/a>L\u00f6rdag i dag \ud83d\ude42<br \/>\nEn sk\u00f6nt ledig dag!<\/p>\n<p>Ig\u00e5r fick vi ta del av ett vackert \u00f6gonblick. Tillsammans med M\u00c5NGA andra v\u00e4lkomnade vi hem en fin liten \u00c4ngel fr\u00e5n en annan del av v\u00e4rlden. F\u00f6r f\u00f6rsta g\u00e5ngen upplevde vi det som fr\u00e5n olika h\u00e5ll sagts vara en mycket speciell stund.<\/p>\n<p>S\u00e5 mycket gemenskap, s\u00e5 mycket gl\u00e4dje och s\u00e5 mycket lycka samlat p\u00e5 ett enda st\u00e4lle \u00e4r n\u00e5got man s\u00e4llan f\u00e5r uppleva. Det finns inte ord nog att beskriva! Det m\u00e5ste upplevas!<\/p>\n<p>Och vi reser vidare. Vi v\u00e4ntar &amp; l\u00e4ngtar. Vi vet att det \u00e4r v\u00e4rt allt!<br \/>\nOch vi s\u00e4ger: V\u00e4lkommen hem hela familjen!<\/p>\n<p style=\"text-align: center\"><a href=\"http:\/\/www.youtube.com\/watch?v=xaO4pMD4kNU&amp;feature=related\">Barnkonventionen 20\u00e5r E.M.D &#8211; V\u00e4lkommen hem<\/a><\/p>\n<p style=\"text-align: left\">\u00c4nglakramar!!<\/p>\n","protected":false},"excerpt":{"rendered":"<p>L\u00f6rdag i dag \ud83d\ude42 En sk\u00f6nt ledig dag! Ig\u00e5r fick vi ta del av ett vackert \u00f6gonblick. Tillsammans med M\u00c5NGA andra v\u00e4lkomnade vi hem en fin liten \u00c4ngel fr\u00e5n en annan del av v\u00e4rlden. F\u00f6r f\u00f6rsta g\u00e5ngen upplevde vi det &hellip; <a href=\"https:\/\/blog.skruttet.com\/?p=2899\">Forts\u00e4tt l\u00e4sa <span class=\"meta-nav\">&rarr;<\/span><\/a><\/p>\n","protected":false},"author":1,"featured_media":0,"comment_status":"open","ping_status":"closed","sticky":false,"template":"","format":"standard","meta":[],"categories":[3],"tags":[],"_links":{"self":[{"href":"https:\/\/blog.skruttet.com\/index.php?rest_route=\/wp\/v2\/posts\/2899"}],"collection":[{"href":"https:\/\/blog.skruttet.com\/index.php?rest_route=\/wp\/v2\/posts"}],"about":[{"href":"https:\/\/blog.skruttet.com\/index.php?rest_route=\/wp\/v2\/types\/post"}],"author":[{"embeddable":true,"href":"https:\/\/blog.skruttet.com\/index.php?rest_route=\/wp\/v2\/users\/1"}],"replies":[{"embeddable":true,"href":"https:\/\/blog.skruttet.com\/index.php?rest_route=%2Fwp%2Fv2%2Fcomments&post=2899"}],"version-history":[{"count":0,"href":"https:\/\/blog.skruttet.com\/index.php?rest_route=\/wp\/v2\/posts\/2899\/revisions"}],"wp:attachment":[{"href":"https:\/\/blog.skruttet.com\/index.php?rest_route=%2Fwp%2Fv2%2Fmedia&parent=2899"}],"wp:term":[{"taxonomy":"category","embeddable":true,"href":"https:\/\/blog.skruttet.com\/index.php?rest_route=%2Fwp%2Fv2%2Fcategories&post=2899"},{"taxonomy":"post_tag","embeddable":true,"href":"https:\/\/blog.skruttet.com\/index.php?rest_route=%2Fwp%2Fv2%2Ftags&post=2899"}],"curies":[{"name":"wp","href":"https:\/\/api.w.org\/{rel}","templated":true}]}}