{"id":2915,"date":"2012-02-27T12:57:56","date_gmt":"2012-02-27T10:57:56","guid":{"rendered":"http:\/\/bloggen.fi\/skruttet\/?p=2915"},"modified":"2013-10-21T17:19:53","modified_gmt":"2013-10-21T14:19:53","slug":"tankar-om-barnloshet","status":"publish","type":"post","link":"https:\/\/blog.skruttet.com\/?p=2915","title":{"rendered":"Tankar om Barnl\u00f6shet&#8230;"},"content":{"rendered":"<p>I flera omg\u00e5ngar har tankar kring den ofrivilliga barnl\u00f6sheten funnits.<br \/>\nDet tycks generellt vara ett \u00e4mne som \u00e4r sv\u00e5rt att prata om och bem\u00f6ta.<br \/>\nTrots att det finns ganska m\u00e5nga som p\u00e5 n\u00e5got s\u00e4tt ber\u00f6rs av det.<\/p>\n<p>Tankarna blev till en dikt:<\/p>\n<p><strong>Om vi bara v\u00e5gar<\/strong><\/p>\n<p><em>Om du bara v\u00e5gar fr\u00e5ga, s\u00e5 svarar jag.<\/em><br \/>\n<em> Att jag kanske inte alltid vill h\u00f6ra.<\/em><br \/>\n<em> Att v\u00e4xande magar ibland g\u00f6r ont.<\/em><\/p>\n<p><em> Om du bara v\u00e5gar se, s\u00e5 visar jag.<\/em><br \/>\n<em> Papper med n\u00e4rg\u00e5ngna fr\u00e5gor. <\/em><br \/>\n<em> Som man sj\u00e4lvklart f\u00f6rv\u00e4ntas svara p\u00e5.<\/em><\/p>\n<p><em> Om du bara v\u00e5gar undra, s\u00e5 f\u00f6rklarar jag.<\/em><br \/>\n<em> Att jag jag inte \u00e4r ogynsam eller bitter.<\/em><br \/>\n<em> Utan det g\u00f6r helt enkelt f\u00f6r ont ibland.<\/em><\/p>\n<p><em> Om du bara v\u00e5gar lyssna, s\u00e5 ber\u00e4ttar jag.<\/em><br \/>\n<em> Att vi \u00e4r ofrivilligt barnl\u00f6sa &#8211; det g\u00f6r helvetiskt ont. <\/em><br \/>\n<em> Och vi gr\u00e5ter massor ibland.<\/em><\/p>\n<p><em> Men om vi bara v\u00e5gar dela, s\u00e5 f\u00e5r du m\u00f6jligheten att f\u00f6rs\u00f6ka f\u00f6rst\u00e5.<\/em><br \/>\n<em> Den lilla handens resa, med f\u00f6rhoppningen att bli fler \u00e4n tv\u00e5.<\/em><br \/>\n<em> Resan mot en liten \u00c4ngel \u2013 Barnet som vi saknar s\u00e5.<\/em><\/p>\n<p>(Skruttet 27.2.12)<\/p>\n<p>\u00c4nglakramar!!<\/p>\n","protected":false},"excerpt":{"rendered":"<p>I flera omg\u00e5ngar har tankar kring den ofrivilliga barnl\u00f6sheten funnits. Det tycks generellt vara ett \u00e4mne som \u00e4r sv\u00e5rt att prata om och bem\u00f6ta. Trots att det finns ganska m\u00e5nga som p\u00e5 n\u00e5got s\u00e4tt ber\u00f6rs av det. Tankarna blev till &hellip; <a href=\"https:\/\/blog.skruttet.com\/?p=2915\">Forts\u00e4tt l\u00e4sa <span class=\"meta-nav\">&rarr;<\/span><\/a><\/p>\n","protected":false},"author":1,"featured_media":0,"comment_status":"open","ping_status":"closed","sticky":false,"template":"","format":"standard","meta":[],"categories":[3,1,21,14,15],"tags":[],"_links":{"self":[{"href":"https:\/\/blog.skruttet.com\/index.php?rest_route=\/wp\/v2\/posts\/2915"}],"collection":[{"href":"https:\/\/blog.skruttet.com\/index.php?rest_route=\/wp\/v2\/posts"}],"about":[{"href":"https:\/\/blog.skruttet.com\/index.php?rest_route=\/wp\/v2\/types\/post"}],"author":[{"embeddable":true,"href":"https:\/\/blog.skruttet.com\/index.php?rest_route=\/wp\/v2\/users\/1"}],"replies":[{"embeddable":true,"href":"https:\/\/blog.skruttet.com\/index.php?rest_route=%2Fwp%2Fv2%2Fcomments&post=2915"}],"version-history":[{"count":1,"href":"https:\/\/blog.skruttet.com\/index.php?rest_route=\/wp\/v2\/posts\/2915\/revisions"}],"predecessor-version":[{"id":5301,"href":"https:\/\/blog.skruttet.com\/index.php?rest_route=\/wp\/v2\/posts\/2915\/revisions\/5301"}],"wp:attachment":[{"href":"https:\/\/blog.skruttet.com\/index.php?rest_route=%2Fwp%2Fv2%2Fmedia&parent=2915"}],"wp:term":[{"taxonomy":"category","embeddable":true,"href":"https:\/\/blog.skruttet.com\/index.php?rest_route=%2Fwp%2Fv2%2Fcategories&post=2915"},{"taxonomy":"post_tag","embeddable":true,"href":"https:\/\/blog.skruttet.com\/index.php?rest_route=%2Fwp%2Fv2%2Ftags&post=2915"}],"curies":[{"name":"wp","href":"https:\/\/api.w.org\/{rel}","templated":true}]}}