{"id":292,"date":"2007-06-13T12:50:16","date_gmt":"2007-06-13T10:50:16","guid":{"rendered":"http:\/\/detta-"},"modified":"2007-06-13T12:50:16","modified_gmt":"2007-06-13T10:50:16","slug":"detta-ar-jag","status":"publish","type":"post","link":"https:\/\/blog.skruttet.com\/?p=292","title":{"rendered":"Detta \u00e4r jag"},"content":{"rendered":"<p class=\"MsoNormal\">En t\u00e4nkande, k\u00e4nnande m\u00e4nniska vars v\u00e4g i livet har varit kantad av l\u00e4tt och sv\u00e5rt, <\/p>\n<p class=\"MsoNormal\">Har landat b\u00e5de mjukt och h\u00e5rt.<\/p>\n<p class=\"MsoNormal\">&nbsp;<\/p>\n<p class=\"MsoNormal\">Uppskattar allt vad livet har att ge,<\/p>\n<p class=\"MsoNormal\">Ofta ser man mig le.<\/p>\n<p class=\"MsoNormal\">&nbsp;<\/p>\n<p class=\"MsoNormal\">Envis som synden, har hj\u00e4lpt mig l\u00e5ngt,<\/p>\n<p class=\"MsoNormal\">F\u00f6r en v\u00e4ns skull sitter jag g\u00e4rna tr\u00e5ngt.<\/p>\n<p class=\"MsoNormal\">&nbsp;<\/p>\n<p class=\"MsoNormal\">F\u00f6rs\u00f6ker mitt b\u00e4sta, hj\u00e4lpa andra jag g\u00e4rna vill,<\/p>\n<p class=\"MsoNormal\">Jag hoppas min omtanke r\u00e4cker till.<\/p>\n<p class=\"MsoNormal\">&nbsp;<\/p>\n<p class=\"MsoNormal\">B\u00e5de kryckor och rullstol finns h\u00e4r<\/p>\n<p class=\"MsoNormal\">Men f\u00f6r att s\u00e4tta mig i den, jag f\u00f6r envis \u00e4r.<\/p>\n<p class=\"MsoNormal\">&nbsp;<\/p>\n<p class=\"MsoNormal\">Hj\u00e4rtat \u00e4r varmt, ej l\u00e4ngre n\u00e5gra \u00f6ppna s\u00e5r,<\/p>\n<p class=\"MsoNormal\">S\u00e5 m\u00e5nga \u00e4nglar det plats i mitt hj\u00e4rta f\u00e5r.<\/p>\n<p class=\"MsoNormal\">&nbsp;<\/p>\n<p class=\"MsoNormal\">Livsgl\u00e4djen i mina \u00f6gon man \u00e5ter finner,<\/p>\n<p class=\"MsoNormal\">Nu ska jag leva och njuta s\u00e5 mycket jag hinner!<\/p>\n<p>( Skruttet 13.6.07 )<\/p>\n","protected":false},"excerpt":{"rendered":"<p>En t\u00e4nkande, k\u00e4nnande m\u00e4nniska vars v\u00e4g i livet har varit kantad av l\u00e4tt och sv\u00e5rt, Har landat b\u00e5de mjukt och h\u00e5rt. &nbsp; Uppskattar allt vad livet har att ge, Ofta ser man mig le. &nbsp; Envis som synden, har hj\u00e4lpt &hellip; <a href=\"https:\/\/blog.skruttet.com\/?p=292\">Forts\u00e4tt l\u00e4sa <span class=\"meta-nav\">&rarr;<\/span><\/a><\/p>\n","protected":false},"author":1,"featured_media":0,"comment_status":"open","ping_status":"open","sticky":false,"template":"","format":"standard","meta":[],"categories":[1],"tags":[],"_links":{"self":[{"href":"https:\/\/blog.skruttet.com\/index.php?rest_route=\/wp\/v2\/posts\/292"}],"collection":[{"href":"https:\/\/blog.skruttet.com\/index.php?rest_route=\/wp\/v2\/posts"}],"about":[{"href":"https:\/\/blog.skruttet.com\/index.php?rest_route=\/wp\/v2\/types\/post"}],"author":[{"embeddable":true,"href":"https:\/\/blog.skruttet.com\/index.php?rest_route=\/wp\/v2\/users\/1"}],"replies":[{"embeddable":true,"href":"https:\/\/blog.skruttet.com\/index.php?rest_route=%2Fwp%2Fv2%2Fcomments&post=292"}],"version-history":[{"count":0,"href":"https:\/\/blog.skruttet.com\/index.php?rest_route=\/wp\/v2\/posts\/292\/revisions"}],"wp:attachment":[{"href":"https:\/\/blog.skruttet.com\/index.php?rest_route=%2Fwp%2Fv2%2Fmedia&parent=292"}],"wp:term":[{"taxonomy":"category","embeddable":true,"href":"https:\/\/blog.skruttet.com\/index.php?rest_route=%2Fwp%2Fv2%2Fcategories&post=292"},{"taxonomy":"post_tag","embeddable":true,"href":"https:\/\/blog.skruttet.com\/index.php?rest_route=%2Fwp%2Fv2%2Ftags&post=292"}],"curies":[{"name":"wp","href":"https:\/\/api.w.org\/{rel}","templated":true}]}}