{"id":2921,"date":"2012-02-28T10:19:45","date_gmt":"2012-02-28T08:19:45","guid":{"rendered":"http:\/\/bloggen.fi\/skruttet\/?p=2921"},"modified":"2012-02-28T10:19:45","modified_gmt":"2012-02-28T08:19:45","slug":"trogflytande","status":"publish","type":"post","link":"https:\/\/blog.skruttet.com\/?p=2921","title":{"rendered":"Tr\u00f6gflytande&#8230;."},"content":{"rendered":"<p>V\u00e4dergudarna har h\u00e4rjat i natt!<\/p>\n<p><a href=\"http:\/\/www.skruttet.com\/blog\/wp-content\/uploads\/2012\/02\/fields.jpg\"><img loading=\"lazy\" class=\"alignright size-full wp-image-2922\" src=\"http:\/\/www.skruttet.com\/blog\/wp-content\/uploads\/2012\/02\/fields.jpg\" alt=\"\" width=\"225\" height=\"225\" srcset=\"https:\/\/blog.skruttet.com\/wp-content\/uploads\/2012\/02\/fields.jpg 225w, https:\/\/blog.skruttet.com\/wp-content\/uploads\/2012\/02\/fields-150x150.jpg 150w\" sizes=\"(max-width: 225px) 100vw, 225px\" \/><\/a>Utanf\u00f6r f\u00f6nstret brummar sn\u00f6r\u00f6jningen p\u00e5.<br \/>\nStressat k\u00f6rs det fram och tillbaka!\u00a0Undan g\u00e5r det.<br \/>\nH\u00e4r inne i \u00c4nglag\u00e5rden \u00e4r det svalt, trots att det eldades ordentligt i spisen under g\u00e5rdagskv\u00e4llen.<\/p>\n<p>H\u00f6jde v\u00e4rmen lite och lade p\u00e5 de hemstickade yllesockorna och en extra tr\u00f6ja. Perfekt mys v\u00e4der! S\u00e5 nu sitter jag\u00a0<span style=\"line-height: 24px\"> och myser med musik och levande ljus. \ud83d\ude42<br \/>\nDr\u00f6mmer om v\u00e5r, sommar och v\u00e4rme!!<\/span><\/p>\n<p>Har lite tr\u00e4ningsv\u00e4rk efter g\u00e5rdagens tr\u00e4ningspass med den Behandlande \u00c4ngeln.<br \/>\nDet b\u00f6rjar g\u00e5 r\u00e4tt bra nu, sakta men s\u00e4kert kommer uth\u00e5lligheten och den nya finheten orkar ta mig lite l\u00e4ngre f\u00f6r varje vecka som g\u00e5r!<\/p>\n<p>Stundtals flyter det lite tr\u00f6gt h\u00e4r p\u00e5 bloggen, men jag vet att det p\u00e5g\u00e5r underh\u00e5llsarbeten f\u00f6r att r\u00e4tta till det som kr\u00e5nglar s\u00e5 snart blir nog ordskapandet en fr\u00f6jd igen. \ud83d\ude42<\/p>\n<p>\u00d6nskar er en fin tisdag,<br \/>\n\u00c4nglakramar!!<\/p>\n<p style=\"text-align: center\"><span style=\"line-height: 24px\"><a href=\"http:\/\/www.youtube.com\/watch?v=Efro-QrHdnk&amp;feature=related\" target=\"_blank\">Eva Cassidy &#8211; Fields Of Gold<\/a><\/span><\/p>\n<p>&nbsp;<\/p>\n","protected":false},"excerpt":{"rendered":"<p>V\u00e4dergudarna har h\u00e4rjat i natt! Utanf\u00f6r f\u00f6nstret brummar sn\u00f6r\u00f6jningen p\u00e5. Stressat k\u00f6rs det fram och tillbaka!\u00a0Undan g\u00e5r det. H\u00e4r inne i \u00c4nglag\u00e5rden \u00e4r det svalt, trots att det eldades ordentligt i spisen under g\u00e5rdagskv\u00e4llen. H\u00f6jde v\u00e4rmen lite och lade p\u00e5 &hellip; <a href=\"https:\/\/blog.skruttet.com\/?p=2921\">Forts\u00e4tt l\u00e4sa <span class=\"meta-nav\">&rarr;<\/span><\/a><\/p>\n","protected":false},"author":1,"featured_media":0,"comment_status":"open","ping_status":"closed","sticky":false,"template":"","format":"standard","meta":[],"categories":[8,10,13,16],"tags":[],"_links":{"self":[{"href":"https:\/\/blog.skruttet.com\/index.php?rest_route=\/wp\/v2\/posts\/2921"}],"collection":[{"href":"https:\/\/blog.skruttet.com\/index.php?rest_route=\/wp\/v2\/posts"}],"about":[{"href":"https:\/\/blog.skruttet.com\/index.php?rest_route=\/wp\/v2\/types\/post"}],"author":[{"embeddable":true,"href":"https:\/\/blog.skruttet.com\/index.php?rest_route=\/wp\/v2\/users\/1"}],"replies":[{"embeddable":true,"href":"https:\/\/blog.skruttet.com\/index.php?rest_route=%2Fwp%2Fv2%2Fcomments&post=2921"}],"version-history":[{"count":0,"href":"https:\/\/blog.skruttet.com\/index.php?rest_route=\/wp\/v2\/posts\/2921\/revisions"}],"wp:attachment":[{"href":"https:\/\/blog.skruttet.com\/index.php?rest_route=%2Fwp%2Fv2%2Fmedia&parent=2921"}],"wp:term":[{"taxonomy":"category","embeddable":true,"href":"https:\/\/blog.skruttet.com\/index.php?rest_route=%2Fwp%2Fv2%2Fcategories&post=2921"},{"taxonomy":"post_tag","embeddable":true,"href":"https:\/\/blog.skruttet.com\/index.php?rest_route=%2Fwp%2Fv2%2Ftags&post=2921"}],"curies":[{"name":"wp","href":"https:\/\/api.w.org\/{rel}","templated":true}]}}