{"id":2927,"date":"2012-02-29T15:32:20","date_gmt":"2012-02-29T13:32:20","guid":{"rendered":"http:\/\/bloggen.fi\/skruttet\/?p=2927"},"modified":"2012-02-29T15:32:20","modified_gmt":"2012-02-29T13:32:20","slug":"all-denna-vantan","status":"publish","type":"post","link":"https:\/\/blog.skruttet.com\/?p=2927","title":{"rendered":"All denna v\u00e4ntan&#8230;."},"content":{"rendered":"<p>F\u00f6rvarnar och s\u00e4ger att i dag \u00e4r ingen bra dag. En rej\u00e4l down day!<\/p>\n<p><a href=\"http:\/\/www.skruttet.com\/blog\/wp-content\/uploads\/2012\/02\/tears-at-heaven.gif\"><img loading=\"lazy\" class=\"alignright size-medium wp-image-2928\" src=\"http:\/\/www.skruttet.com\/blog\/wp-content\/uploads\/2012\/02\/tears-at-heaven-300x225.gif\" alt=\"\" width=\"300\" height=\"225\" srcset=\"https:\/\/blog.skruttet.com\/wp-content\/uploads\/2012\/02\/tears-at-heaven-300x225.gif 300w, https:\/\/blog.skruttet.com\/wp-content\/uploads\/2012\/02\/tears-at-heaven.gif 400w\" sizes=\"(max-width: 300px) 100vw, 300px\" \/><\/a>Vi befinner oss i en period av &#8221;d\u00f6d v\u00e4ntan&#8221;, n\u00e4r v\u00e5ra papper \u00e4r i ett mellanl\u00e4ge.<br \/>\nAllt g\u00e5r segt och tvivlet g\u00e4star.<\/p>\n<p>Jag ifr\u00e5gas\u00e4tter mina f\u00f6rm\u00e5gor och allt som \u00e4r oviktigt att kunna blir i dag viktigt i min v\u00e4rld. Och jag konstaterar att kombinationen att vara konvalescent och mindre r\u00f6rlig \u00e4n vanligt, ha en \u00e5rlig Endometrios koll p\u00e5 kommande OCH samtidigt en mindre bra dag i processen. Det \u00e4r ingen hit!<\/p>\n<p>Det k\u00e4nns lite \u00f6verm\u00e4ktigt! I dag &#8211; just nu \u00e4r det s\u00e5!<br \/>\nV\u00e5ndas, funderar och tvivlar! Inte d\u00e5 p\u00e5 f\u00f6rm\u00e5gan \u00a0att kunna, f\u00f6r vet att jag kan!<br \/>\nHar v\u00e4ntat p\u00e5 dagen d\u00e5 jag skulle bryta i hop! Den \u00e4r h\u00e4r nu! Nu sitter jag och sn\u00f6rvlande grinar \u00f6ver situationen och \u00e4r n\u00e4stintill vad man kan kalla bitter.<br \/>\nOch jag hatar det!!<\/p>\n<p>Men jag vet ocks\u00e5 att jag kommer att sopa ihop bitarna, jag kommer att orka.<br \/>\nHar gjort det f\u00f6rr och kommer g\u00f6ra det igen. Och jag vet att de finns de starkaste underbara stj\u00e4rnor lyser p\u00e5 min himmel och vet precis vad jag talar om.<br \/>\nJag vet att orken kommer!<br \/>\nMen just nu \u00e4r det bara s\u00e5 sk\u00f6nt att gr\u00e5ta!!<\/p>\n<p>I morgon \u00e4r en annan dag &#8211; i morgon \u00e4r en b\u00e4ttre dag!!<\/p>\n","protected":false},"excerpt":{"rendered":"<p>F\u00f6rvarnar och s\u00e4ger att i dag \u00e4r ingen bra dag. En rej\u00e4l down day! Vi befinner oss i en period av &#8221;d\u00f6d v\u00e4ntan&#8221;, n\u00e4r v\u00e5ra papper \u00e4r i ett mellanl\u00e4ge. Allt g\u00e5r segt och tvivlet g\u00e4star. Jag ifr\u00e5gas\u00e4tter mina f\u00f6rm\u00e5gor &hellip; <a href=\"https:\/\/blog.skruttet.com\/?p=2927\">Forts\u00e4tt l\u00e4sa <span class=\"meta-nav\">&rarr;<\/span><\/a><\/p>\n","protected":false},"author":1,"featured_media":0,"comment_status":"open","ping_status":"closed","sticky":false,"template":"","format":"standard","meta":[],"categories":[3,14],"tags":[],"_links":{"self":[{"href":"https:\/\/blog.skruttet.com\/index.php?rest_route=\/wp\/v2\/posts\/2927"}],"collection":[{"href":"https:\/\/blog.skruttet.com\/index.php?rest_route=\/wp\/v2\/posts"}],"about":[{"href":"https:\/\/blog.skruttet.com\/index.php?rest_route=\/wp\/v2\/types\/post"}],"author":[{"embeddable":true,"href":"https:\/\/blog.skruttet.com\/index.php?rest_route=\/wp\/v2\/users\/1"}],"replies":[{"embeddable":true,"href":"https:\/\/blog.skruttet.com\/index.php?rest_route=%2Fwp%2Fv2%2Fcomments&post=2927"}],"version-history":[{"count":0,"href":"https:\/\/blog.skruttet.com\/index.php?rest_route=\/wp\/v2\/posts\/2927\/revisions"}],"wp:attachment":[{"href":"https:\/\/blog.skruttet.com\/index.php?rest_route=%2Fwp%2Fv2%2Fmedia&parent=2927"}],"wp:term":[{"taxonomy":"category","embeddable":true,"href":"https:\/\/blog.skruttet.com\/index.php?rest_route=%2Fwp%2Fv2%2Fcategories&post=2927"},{"taxonomy":"post_tag","embeddable":true,"href":"https:\/\/blog.skruttet.com\/index.php?rest_route=%2Fwp%2Fv2%2Ftags&post=2927"}],"curies":[{"name":"wp","href":"https:\/\/api.w.org\/{rel}","templated":true}]}}