{"id":2930,"date":"2012-03-01T10:35:34","date_gmt":"2012-03-01T08:35:34","guid":{"rendered":"http:\/\/bloggen.fi\/skruttet\/?p=2930"},"modified":"2012-03-01T10:35:34","modified_gmt":"2012-03-01T08:35:34","slug":"min-kloka-van","status":"publish","type":"post","link":"https:\/\/blog.skruttet.com\/?p=2930","title":{"rendered":"Min kloka v\u00e4n&#8230;"},"content":{"rendered":"<p style=\"text-align: left\">I morgon \u00e4r en annan dag &#8211; I morgon \u00e4r en b\u00e4ttre dag.<\/p>\n<p><a href=\"http:\/\/www.skruttet.com\/blog\/wp-content\/uploads\/2012\/03\/winnie.gif\"><img loading=\"lazy\" class=\"alignright size-medium wp-image-2931\" src=\"http:\/\/www.skruttet.com\/blog\/wp-content\/uploads\/2012\/03\/winnie-216x300.gif\" alt=\"\" width=\"216\" height=\"300\" srcset=\"https:\/\/blog.skruttet.com\/wp-content\/uploads\/2012\/03\/winnie-216x300.gif 216w, https:\/\/blog.skruttet.com\/wp-content\/uploads\/2012\/03\/winnie.gif 300w\" sizes=\"(max-width: 216px) 100vw, 216px\" \/><\/a>Ja, s\u00e5 skrev jag ju ig\u00e5r. Och det st\u00e4mmer, i dag k\u00e4nns det riktigt bra!\u00a0S\u00e5d\u00e4r sk\u00f6nt urladdat och jag kan gl\u00e4djas och se fram\u00e5t mot trevliga h\u00e4ndelser och m\u00f6ten av olika slag.<\/p>\n<p>Bland annat gl\u00e4djs jag \u00e5t att vi f\u00e5r v\u00e4nda blad i almanackan i dag och \u00e5rets f\u00f6rsta v\u00e5rm\u00e5nad tar sin b\u00f6rjan. Att att solen visar sin b\u00e4sta sida och kastar sina f\u00f6rsiktigt v\u00e4rmande st\u00e5lar p\u00e5 min bleka vinterhud!<\/p>\n<p>Och under kv\u00e4llen finns \u00e4ntligen ett bes\u00f6k inbokat f\u00f6r v\u00e5rd av mina f\u00f6tter.\u00a0Nog ska jag njuta!! \ud83d\ude00<\/p>\n<p>Min kloka s\u00f6ta v\u00e4n Nalle Puh har n\u00e5gra viktiga bet\u00e4nkligheter att bjuda p\u00e5 idag &#8211; s\u00e5 lyssna p\u00e5 hans ord.<br \/>\nOch tanken g\u00e5r till alla de fina som finns runt om oss, s\u00e5 v\u00e4l l\u00e5ngt bort som n\u00e4ra. \ud83d\ude42<br \/>\nI hj\u00e4rtat finns ni!!<\/p>\n<p style=\"text-align: center\"><a href=\"http:\/\/www.youtube.com\/watch?v=sNElgDoSNXQ\" target=\"_blank\">If ever there&#8217;s a tomorrow when we&#8217;re not together &#8211; Nalle puh<\/a><\/p>\n<p style=\"text-align: left\">Ha en fin torsdag,<br \/>\n\u00c4nglakramar!!<\/p>\n","protected":false},"excerpt":{"rendered":"<p>I morgon \u00e4r en annan dag &#8211; I morgon \u00e4r en b\u00e4ttre dag. Ja, s\u00e5 skrev jag ju ig\u00e5r. Och det st\u00e4mmer, i dag k\u00e4nns det riktigt bra!\u00a0S\u00e5d\u00e4r sk\u00f6nt urladdat och jag kan gl\u00e4djas och se fram\u00e5t mot trevliga h\u00e4ndelser &hellip; <a href=\"https:\/\/blog.skruttet.com\/?p=2930\">Forts\u00e4tt l\u00e4sa <span class=\"meta-nav\">&rarr;<\/span><\/a><\/p>\n","protected":false},"author":1,"featured_media":0,"comment_status":"open","ping_status":"closed","sticky":false,"template":"","format":"standard","meta":[],"categories":[8,10,15,16],"tags":[],"_links":{"self":[{"href":"https:\/\/blog.skruttet.com\/index.php?rest_route=\/wp\/v2\/posts\/2930"}],"collection":[{"href":"https:\/\/blog.skruttet.com\/index.php?rest_route=\/wp\/v2\/posts"}],"about":[{"href":"https:\/\/blog.skruttet.com\/index.php?rest_route=\/wp\/v2\/types\/post"}],"author":[{"embeddable":true,"href":"https:\/\/blog.skruttet.com\/index.php?rest_route=\/wp\/v2\/users\/1"}],"replies":[{"embeddable":true,"href":"https:\/\/blog.skruttet.com\/index.php?rest_route=%2Fwp%2Fv2%2Fcomments&post=2930"}],"version-history":[{"count":0,"href":"https:\/\/blog.skruttet.com\/index.php?rest_route=\/wp\/v2\/posts\/2930\/revisions"}],"wp:attachment":[{"href":"https:\/\/blog.skruttet.com\/index.php?rest_route=%2Fwp%2Fv2%2Fmedia&parent=2930"}],"wp:term":[{"taxonomy":"category","embeddable":true,"href":"https:\/\/blog.skruttet.com\/index.php?rest_route=%2Fwp%2Fv2%2Fcategories&post=2930"},{"taxonomy":"post_tag","embeddable":true,"href":"https:\/\/blog.skruttet.com\/index.php?rest_route=%2Fwp%2Fv2%2Ftags&post=2930"}],"curies":[{"name":"wp","href":"https:\/\/api.w.org\/{rel}","templated":true}]}}