{"id":2994,"date":"2012-03-06T21:49:21","date_gmt":"2012-03-06T19:49:21","guid":{"rendered":"http:\/\/bloggen.fi\/skruttet\/?p=2994"},"modified":"2012-03-06T21:49:21","modified_gmt":"2012-03-06T19:49:21","slug":"forlorad-stolthet","status":"publish","type":"post","link":"https:\/\/blog.skruttet.com\/?p=2994","title":{"rendered":"F\u00f6rlorad stolthet&#8230;"},"content":{"rendered":"<p>En bra tisdag \u00e4r snart till \u00e4nda!<br \/>\nDet har varit en dag av socialiserande p\u00e5 olika s\u00e4tt \ud83d\ude42<br \/>\nBland annat har vi haft uppskattat och trevligt bes\u00f6k av b\u00e5de stora och sm\u00e5 \u00e4nglar.<br \/>\nOch jag har konstaterat: <em>Nog<\/em> \u00e4r det gott med f\u00e4rsk ananas!<\/p>\n<p>Tv\u00e5 av v\u00e5ra lurviga filurer har gjort ett bes\u00f6k hos farbror veterin\u00e4ren under dagen.<br \/>\nTr\u00f6tta \u00e4r de b\u00e5da efter s\u00f6vningen och benen vill \u00e4nnu inte b\u00e4ra.<br \/>\nDen yngsta filuren fick uteg\u00e5ngsf\u00f6rbud \u00e4nnu i morgon efter dagens &#8221;fix&#8221;, allt annat \u00e4n n\u00f6jd \u00e4r det lilla livet \u00f6ver att &#8221;ha tappat den manliga stoltheten&#8221; och han tycks undra varf\u00f6r det \u00e4r s\u00e5 sv\u00e5rt att sitta och varf\u00f6r benen inte vill b\u00e4ra.<\/p>\n<p>Han tittar bedjande p\u00e5 oss och f\u00f6rst\u00e5r inte: Jag g\u00f6r ju som ni l\u00e4rt mig g\u00f6ra n\u00e4r n\u00f6den kr\u00e4ver &#8211; \u00a0sitter vid d\u00f6rren. Och \u00e4nd\u00e5 sl\u00e4pper ingen ut mig?!?<\/p>\n<p>Vi klappar honom och s\u00e4ger att det blir b\u00e4ttre i morgon och upprepade g\u00e5nger visar vi honom l\u00e5dan d\u00e4r han f\u00e5r utr\u00e4tta sina behov n\u00e4r n\u00f6den kr\u00e4ver. Men det \u00e4r under hans v\u00e4rdighet att anv\u00e4nda l\u00e5dan som vi gjort i ordning.\u00a0Men nog kommer han villigt att g\u00e5 dit efter en stund, gissar jag.<\/p>\n<p>Klockan talar om att snart \u00e4r det dags f\u00f6r ett avsnitt med Dr. House.<br \/>\nSedan \u00e4r det nog lagom tid att sl\u00e5 fast mina bl\u00e5 f\u00f6r i dag,<br \/>\n\u00c4nglakramar!!<\/p>\n","protected":false},"excerpt":{"rendered":"<p>En bra tisdag \u00e4r snart till \u00e4nda! Det har varit en dag av socialiserande p\u00e5 olika s\u00e4tt \ud83d\ude42 Bland annat har vi haft uppskattat och trevligt bes\u00f6k av b\u00e5de stora och sm\u00e5 \u00e4nglar. Och jag har konstaterat: Nog \u00e4r det &hellip; <a href=\"https:\/\/blog.skruttet.com\/?p=2994\">Forts\u00e4tt l\u00e4sa <span class=\"meta-nav\">&rarr;<\/span><\/a><\/p>\n","protected":false},"author":1,"featured_media":0,"comment_status":"open","ping_status":"closed","sticky":false,"template":"","format":"standard","meta":[],"categories":[16],"tags":[],"_links":{"self":[{"href":"https:\/\/blog.skruttet.com\/index.php?rest_route=\/wp\/v2\/posts\/2994"}],"collection":[{"href":"https:\/\/blog.skruttet.com\/index.php?rest_route=\/wp\/v2\/posts"}],"about":[{"href":"https:\/\/blog.skruttet.com\/index.php?rest_route=\/wp\/v2\/types\/post"}],"author":[{"embeddable":true,"href":"https:\/\/blog.skruttet.com\/index.php?rest_route=\/wp\/v2\/users\/1"}],"replies":[{"embeddable":true,"href":"https:\/\/blog.skruttet.com\/index.php?rest_route=%2Fwp%2Fv2%2Fcomments&post=2994"}],"version-history":[{"count":0,"href":"https:\/\/blog.skruttet.com\/index.php?rest_route=\/wp\/v2\/posts\/2994\/revisions"}],"wp:attachment":[{"href":"https:\/\/blog.skruttet.com\/index.php?rest_route=%2Fwp%2Fv2%2Fmedia&parent=2994"}],"wp:term":[{"taxonomy":"category","embeddable":true,"href":"https:\/\/blog.skruttet.com\/index.php?rest_route=%2Fwp%2Fv2%2Fcategories&post=2994"},{"taxonomy":"post_tag","embeddable":true,"href":"https:\/\/blog.skruttet.com\/index.php?rest_route=%2Fwp%2Fv2%2Ftags&post=2994"}],"curies":[{"name":"wp","href":"https:\/\/api.w.org\/{rel}","templated":true}]}}