{"id":2996,"date":"2012-03-07T18:03:23","date_gmt":"2012-03-07T16:03:23","guid":{"rendered":"http:\/\/bloggen.fi\/skruttet\/?p=2996"},"modified":"2012-03-07T18:03:23","modified_gmt":"2012-03-07T16:03:23","slug":"nu-har-vi-fatt-den","status":"publish","type":"post","link":"https:\/\/blog.skruttet.com\/?p=2996","title":{"rendered":"Nu har vi  f\u00e5tt den&#8230;."},"content":{"rendered":"<p>Allt bra i dag!<br \/>\n<a href=\"http:\/\/www.skruttet.com\/blog\/wp-content\/uploads\/2012\/03\/asianfood.jpg\"><img loading=\"lazy\" class=\"alignright size-medium wp-image-2997\" src=\"http:\/\/www.skruttet.com\/blog\/wp-content\/uploads\/2012\/03\/asianfood-300x225.jpg\" alt=\"\" width=\"300\" height=\"225\" srcset=\"https:\/\/blog.skruttet.com\/wp-content\/uploads\/2012\/03\/asianfood-300x225.jpg 300w, https:\/\/blog.skruttet.com\/wp-content\/uploads\/2012\/03\/asianfood.jpg 350w\" sizes=\"(max-width: 300px) 100vw, 300px\" \/><\/a>Solen har visat sig,\u00a0<span style=\"line-height: 24px\">likas\u00e5\u00a0<\/span>plusgraderna och v\u00e5rk\u00e4nslorna v\u00e4cks i mig.\u00a0Sn\u00f6n skulle f\u00f6r min del g\u00e4rna f\u00e5 f\u00f6rsvinna NU!<br \/>\nL\u00e4ngtar till v\u00e4rme, sol, sommar och h\u00e4ng p\u00e5 terassen \ud83d\ude09<\/p>\n<p>I dag har vi ocks\u00e5 f\u00e5tt ta del av den slutliga till\u00e4ggsutredningen, som nu kommer att postas till n\u00e4mnden, d\u00e4r v\u00e5r ans\u00f6kan om adoptionstillst\u00e5nd kommer att tas upp p\u00e5 nytt.<br \/>\nP\u00e5 m\u00e5ndag reser vi n\u00e5gra timmar s\u00f6derut f\u00f6r att m\u00f6ta folket som kommer att ha hand om v\u00e5rt \u00e4rende och sk\u00f6ta kontakten internationellt, under f\u00f6ruts\u00e4ttning att tillst\u00e5nd beviljas d\u00e5.\u00a0K\u00e4nns sk\u00f6nt att komma vidare i processen och f\u00e5 m\u00f6jlighet att fr\u00e5ga, undra och fundera tillsammans med insatt folk! Sk\u00f6nt att f\u00e5 veta lite mera helt enkelt \ud83d\ude42<\/p>\n<p>Vi best\u00e4mde oss f\u00f6r att g\u00f6ra middagen enkel i dag, s\u00e5 i gott s\u00e4llskap far vi och \u00e4ter.<br \/>\nTrevligt!! Asiatiskt ska det bli, mums \ud83d\ude42<\/p>\n<p>Med andra ord en helt perfekt onsdag,<br \/>\n\u00c4nglakramar!!<\/p>\n","protected":false},"excerpt":{"rendered":"<p>Allt bra i dag! Solen har visat sig,\u00a0likas\u00e5\u00a0plusgraderna och v\u00e5rk\u00e4nslorna v\u00e4cks i mig.\u00a0Sn\u00f6n skulle f\u00f6r min del g\u00e4rna f\u00e5 f\u00f6rsvinna NU! L\u00e4ngtar till v\u00e4rme, sol, sommar och h\u00e4ng p\u00e5 terassen \ud83d\ude09 I dag har vi ocks\u00e5 f\u00e5tt ta del av &hellip; <a href=\"https:\/\/blog.skruttet.com\/?p=2996\">Forts\u00e4tt l\u00e4sa <span class=\"meta-nav\">&rarr;<\/span><\/a><\/p>\n","protected":false},"author":1,"featured_media":0,"comment_status":"open","ping_status":"closed","sticky":false,"template":"","format":"standard","meta":[],"categories":[3,10,16],"tags":[],"_links":{"self":[{"href":"https:\/\/blog.skruttet.com\/index.php?rest_route=\/wp\/v2\/posts\/2996"}],"collection":[{"href":"https:\/\/blog.skruttet.com\/index.php?rest_route=\/wp\/v2\/posts"}],"about":[{"href":"https:\/\/blog.skruttet.com\/index.php?rest_route=\/wp\/v2\/types\/post"}],"author":[{"embeddable":true,"href":"https:\/\/blog.skruttet.com\/index.php?rest_route=\/wp\/v2\/users\/1"}],"replies":[{"embeddable":true,"href":"https:\/\/blog.skruttet.com\/index.php?rest_route=%2Fwp%2Fv2%2Fcomments&post=2996"}],"version-history":[{"count":0,"href":"https:\/\/blog.skruttet.com\/index.php?rest_route=\/wp\/v2\/posts\/2996\/revisions"}],"wp:attachment":[{"href":"https:\/\/blog.skruttet.com\/index.php?rest_route=%2Fwp%2Fv2%2Fmedia&parent=2996"}],"wp:term":[{"taxonomy":"category","embeddable":true,"href":"https:\/\/blog.skruttet.com\/index.php?rest_route=%2Fwp%2Fv2%2Fcategories&post=2996"},{"taxonomy":"post_tag","embeddable":true,"href":"https:\/\/blog.skruttet.com\/index.php?rest_route=%2Fwp%2Fv2%2Ftags&post=2996"}],"curies":[{"name":"wp","href":"https:\/\/api.w.org\/{rel}","templated":true}]}}