{"id":3016,"date":"2012-03-10T18:14:53","date_gmt":"2012-03-10T16:14:53","guid":{"rendered":"http:\/\/bloggen.fi\/skruttet\/?p=3016"},"modified":"2012-03-10T18:14:53","modified_gmt":"2012-03-10T16:14:53","slug":"dags-for-festival-final","status":"publish","type":"post","link":"https:\/\/blog.skruttet.com\/?p=3016","title":{"rendered":"Dags f\u00f6r festival final&#8230;"},"content":{"rendered":"<p>En bra l\u00f6rdag har det hittills varit.<br \/>\n<a href=\"http:\/\/www.skruttet.com\/blog\/wp-content\/uploads\/2012\/03\/melodifestivalen-2012_p-621-620x348.jpg\"><img loading=\"lazy\" class=\"alignright size-medium wp-image-3017\" src=\"http:\/\/www.skruttet.com\/blog\/wp-content\/uploads\/2012\/03\/melodifestivalen-2012_p-621-620x348-300x168.jpg\" alt=\"\" width=\"300\" height=\"168\" srcset=\"https:\/\/blog.skruttet.com\/wp-content\/uploads\/2012\/03\/melodifestivalen-2012_p-621-620x348-300x168.jpg 300w, https:\/\/blog.skruttet.com\/wp-content\/uploads\/2012\/03\/melodifestivalen-2012_p-621-620x348-500x280.jpg 500w, https:\/\/blog.skruttet.com\/wp-content\/uploads\/2012\/03\/melodifestivalen-2012_p-621-620x348.jpg 620w\" sizes=\"(max-width: 300px) 100vw, 300px\" \/><\/a>Vi har har gjort lite av varje &#8211; f\u00f6r f\u00f6rsta g\u00e5ngen sedan operationen i november har jag varit ut p\u00e5 vift utan vare sig L\u00e5ne\u00c5ke eller Lyx\u00c5ke som f\u00f6ljeslagare \ud83d\ude42<\/p>\n<p>I st\u00e4llet fick Darth Vader g\u00f6ra mig s\u00e4llskap och med &lt;3-\u00c4ngeln som st\u00f6d tr\u00e4nades trapp- och utomhus g\u00e5ng. Sk\u00f6nt att tr\u00e4na p\u00e5 olika s\u00e4tt och jag hoppas verkligen att den nya finheten f\u00e5r en OK st\u00e4mpel av \u00c4nglaprofessorn vid kontrollen p\u00e5 tisdag!<br \/>\nI annat fall blir jag nog tr\u00f6tt &#8211; men jag vet att jag\/vi har gjort mitt\/v\u00e5rt b\u00e4sta.<br \/>\nOch det b\u00f6r vara gott nog!<\/p>\n<p>S\u00e5 i kv\u00e4ll \u00e4r det d\u00e5 dags f\u00f6r final i t\u00e4vlingen som man enligt endel bara inte kan missa! Medan andra klarar sig v\u00e4ldigt bra utan att se detta &#8221;spektakel&#8221; \ud83d\ude09<br \/>\nVad jag talar om?? Melodifestivalsfinalen f\u00f6rst\u00e5s!<\/p>\n<p>Jag k\u00e4nner mig som en mitt i raden m\u00e4nniska d\u00e4r, med ett litet \u00f6vertag av m\u00e5ste&#8230; \ud83d\ude09<br \/>\nDen ses g\u00e4rna, men det \u00e4r inget m\u00e5ste.<br \/>\nVem vinner d\u00e5?? Ingen aning faktiskt men n\u00e5gra favoriter finns. \u00a0Dit h\u00f6r bland annat <a href=\"http:\/\/www.youtube.com\/watch?v=Z4PMQB5zmAU\" target=\"_blank\">Loreen<\/a>\u00a0&amp;\u00a0<a href=\"http:\/\/www.youtube.com\/watch?v=0coeSZrSm30&amp;feature=related\" target=\"_blank\">Lisa Miskovsky<\/a>.<\/p>\n<p>Ha en fin l\u00f6rdagskv\u00e4ll,<br \/>\n\u00c4nglakramar!!<\/p>\n","protected":false},"excerpt":{"rendered":"<p>En bra l\u00f6rdag har det hittills varit. Vi har har gjort lite av varje &#8211; f\u00f6r f\u00f6rsta g\u00e5ngen sedan operationen i november har jag varit ut p\u00e5 vift utan vare sig L\u00e5ne\u00c5ke eller Lyx\u00c5ke som f\u00f6ljeslagare \ud83d\ude42 I st\u00e4llet fick &hellip; <a href=\"https:\/\/blog.skruttet.com\/?p=3016\">Forts\u00e4tt l\u00e4sa <span class=\"meta-nav\">&rarr;<\/span><\/a><\/p>\n","protected":false},"author":1,"featured_media":0,"comment_status":"open","ping_status":"closed","sticky":false,"template":"","format":"standard","meta":[],"categories":[8,10,13,16],"tags":[],"_links":{"self":[{"href":"https:\/\/blog.skruttet.com\/index.php?rest_route=\/wp\/v2\/posts\/3016"}],"collection":[{"href":"https:\/\/blog.skruttet.com\/index.php?rest_route=\/wp\/v2\/posts"}],"about":[{"href":"https:\/\/blog.skruttet.com\/index.php?rest_route=\/wp\/v2\/types\/post"}],"author":[{"embeddable":true,"href":"https:\/\/blog.skruttet.com\/index.php?rest_route=\/wp\/v2\/users\/1"}],"replies":[{"embeddable":true,"href":"https:\/\/blog.skruttet.com\/index.php?rest_route=%2Fwp%2Fv2%2Fcomments&post=3016"}],"version-history":[{"count":0,"href":"https:\/\/blog.skruttet.com\/index.php?rest_route=\/wp\/v2\/posts\/3016\/revisions"}],"wp:attachment":[{"href":"https:\/\/blog.skruttet.com\/index.php?rest_route=%2Fwp%2Fv2%2Fmedia&parent=3016"}],"wp:term":[{"taxonomy":"category","embeddable":true,"href":"https:\/\/blog.skruttet.com\/index.php?rest_route=%2Fwp%2Fv2%2Fcategories&post=3016"},{"taxonomy":"post_tag","embeddable":true,"href":"https:\/\/blog.skruttet.com\/index.php?rest_route=%2Fwp%2Fv2%2Ftags&post=3016"}],"curies":[{"name":"wp","href":"https:\/\/api.w.org\/{rel}","templated":true}]}}