{"id":3022,"date":"2012-03-11T15:58:03","date_gmt":"2012-03-11T13:58:03","guid":{"rendered":"http:\/\/bloggen.fi\/skruttet\/?p=3022"},"modified":"2012-03-11T15:58:03","modified_gmt":"2012-03-11T13:58:03","slug":"betydelsefulla-dagar","status":"publish","type":"post","link":"https:\/\/blog.skruttet.com\/?p=3022","title":{"rendered":"Betydelsefulla dagar!"},"content":{"rendered":"<p>En s\u00f6ndag av b\u00e4sta sort har vi hittills haft.<br \/>\n<a href=\"http:\/\/www.skruttet.com\/blog\/wp-content\/uploads\/2012\/03\/in-love-1.jpg\"><img loading=\"lazy\" class=\"alignright size-medium wp-image-3023\" src=\"http:\/\/www.skruttet.com\/blog\/wp-content\/uploads\/2012\/03\/in-love-1-300x193.jpg\" alt=\"\" width=\"300\" height=\"193\" srcset=\"https:\/\/blog.skruttet.com\/wp-content\/uploads\/2012\/03\/in-love-1-300x193.jpg 300w, https:\/\/blog.skruttet.com\/wp-content\/uploads\/2012\/03\/in-love-1-1024x661.jpg 1024w, https:\/\/blog.skruttet.com\/wp-content\/uploads\/2012\/03\/in-love-1-464x300.jpg 464w, https:\/\/blog.skruttet.com\/wp-content\/uploads\/2012\/03\/in-love-1.jpg 1278w\" sizes=\"(max-width: 300px) 100vw, 300px\" \/><\/a><br \/>\nVi har njutit av eftermiddagskaffe p\u00e5 verandan i v\u00e4rmande sol. Underbart sk\u00f6nt!!<\/p>\n<p>En v\u00e4ska med packning av mindre modell ska packas f\u00e4rdigt inf\u00f6r kommande minitripp och mappen med adoptions-dokument finns i v\u00e4skan.<\/p>\n<p>Sk\u00f6tare \u00e4r ordnad till de lurviga filurerna. Vi t\u00e4nkte \u00a0passa p\u00e5 att njuta med hotell\u00f6vernattning i annan stad, shopping och restaurangbes\u00f6k.<br \/>\nTid tillsammans! Sk\u00f6n kvalitetstid!<\/p>\n<p>Det k\u00e4nns ju n\u00e4stan som en date!! \ud83d\ude09 Sp\u00e4nnande!!<br \/>\nP\u00e5 \u00e5terseende,<br \/>\n\u00c4nglakramar!!<\/p>\n","protected":false},"excerpt":{"rendered":"<p>En s\u00f6ndag av b\u00e4sta sort har vi hittills haft. Vi har njutit av eftermiddagskaffe p\u00e5 verandan i v\u00e4rmande sol. Underbart sk\u00f6nt!! En v\u00e4ska med packning av mindre modell ska packas f\u00e4rdigt inf\u00f6r kommande minitripp och mappen med adoptions-dokument finns i &hellip; <a href=\"https:\/\/blog.skruttet.com\/?p=3022\">Forts\u00e4tt l\u00e4sa <span class=\"meta-nav\">&rarr;<\/span><\/a><\/p>\n","protected":false},"author":1,"featured_media":0,"comment_status":"open","ping_status":"closed","sticky":false,"template":"","format":"standard","meta":[],"categories":[3,10,16],"tags":[],"_links":{"self":[{"href":"https:\/\/blog.skruttet.com\/index.php?rest_route=\/wp\/v2\/posts\/3022"}],"collection":[{"href":"https:\/\/blog.skruttet.com\/index.php?rest_route=\/wp\/v2\/posts"}],"about":[{"href":"https:\/\/blog.skruttet.com\/index.php?rest_route=\/wp\/v2\/types\/post"}],"author":[{"embeddable":true,"href":"https:\/\/blog.skruttet.com\/index.php?rest_route=\/wp\/v2\/users\/1"}],"replies":[{"embeddable":true,"href":"https:\/\/blog.skruttet.com\/index.php?rest_route=%2Fwp%2Fv2%2Fcomments&post=3022"}],"version-history":[{"count":0,"href":"https:\/\/blog.skruttet.com\/index.php?rest_route=\/wp\/v2\/posts\/3022\/revisions"}],"wp:attachment":[{"href":"https:\/\/blog.skruttet.com\/index.php?rest_route=%2Fwp%2Fv2%2Fmedia&parent=3022"}],"wp:term":[{"taxonomy":"category","embeddable":true,"href":"https:\/\/blog.skruttet.com\/index.php?rest_route=%2Fwp%2Fv2%2Fcategories&post=3022"},{"taxonomy":"post_tag","embeddable":true,"href":"https:\/\/blog.skruttet.com\/index.php?rest_route=%2Fwp%2Fv2%2Ftags&post=3022"}],"curies":[{"name":"wp","href":"https:\/\/api.w.org\/{rel}","templated":true}]}}