{"id":3040,"date":"2012-03-14T13:46:17","date_gmt":"2012-03-14T11:46:17","guid":{"rendered":"http:\/\/bloggen.fi\/skruttet\/?p=3040"},"modified":"2012-03-14T13:46:17","modified_gmt":"2012-03-14T11:46:17","slug":"promenaden-gar-vidare","status":"publish","type":"post","link":"https:\/\/blog.skruttet.com\/?p=3040","title":{"rendered":"Promenaden g\u00e5r vidare&#8230;."},"content":{"rendered":"<p>Solen skiner fr\u00e5n en klarbl\u00e5 himmel. \ud83d\ude42<br \/>\nLunchen \u00e4r intagen sedan en tid tillbaka.<br \/>\nM\u00e4tt och bel\u00e5ten vilar jag nu benen efter ett tr\u00e4ningspass p\u00e5 egen hand.<br \/>\nEtt pass tillsammans med den behandlande \u00c4ngeln v\u00e4ntar under eftermiddagen.<\/p>\n<p><a href=\"http:\/\/www.skruttet.com\/blog\/wp-content\/uploads\/2012\/03\/walking-silhouette-clip-art.jpg\"><img loading=\"lazy\" class=\"alignright size-medium wp-image-3041\" src=\"http:\/\/www.skruttet.com\/blog\/wp-content\/uploads\/2012\/03\/walking-silhouette-clip-art-219x300.jpg\" alt=\"\" width=\"219\" height=\"300\" srcset=\"https:\/\/blog.skruttet.com\/wp-content\/uploads\/2012\/03\/walking-silhouette-clip-art-219x300.jpg 219w, https:\/\/blog.skruttet.com\/wp-content\/uploads\/2012\/03\/walking-silhouette-clip-art.jpg 326w\" sizes=\"(max-width: 219px) 100vw, 219px\" \/><\/a>G\u00e5rdagens m\u00f6te med \u00c4nglaprofessorn gick riktigt bra. Nya bilder togs. Det v\u00e4ndes och vreds och noggrant st\u00e4lldes allt in f\u00f6r att f\u00e5 bilder i r\u00e4tta vinklar.<br \/>\nAllt s\u00e5g fint ut!<\/p>\n<p>Jag viftade gladeligen p\u00e5 t\u00e5rna och uttryckte min innerliga tacksamhet \u00f6ver de nya fotfunktioner professorn gett mig.<\/p>\n<p>Min tacksamhet m\u00f6ttes med ett leende.<br \/>\nStrumpan togs bort. Kan du st\u00e5??<br \/>\nJag nickade och satte ner den nakna foten mot det svala golvet.\u00a0Stabilt, rakt b\u00e4r foten mig och ingen sm\u00e4rta i varken h\u00f6ft eller kn\u00e4. Och p\u00e5 fr\u00e5gan om jag tyckte att det var v\u00e4rt att operera svarade jag ett stort JA!<\/p>\n<p>Ca. en m\u00e5nad av sjukledigheten \u00e5terst\u00e5r, sedan hoppas jag vara \u00e5terst\u00e4lld. Och jag promenerar vidare p\u00e5 den nya finheten f\u00f6r att tr\u00e4na balans och r\u00f6relsef\u00f6rm\u00e5ga.<\/p>\n<p>Och jag m\u00e5ste s\u00e4ga att jag uppskattar professorer som samtalar sakligt p\u00e5 l\u00e4karniv\u00e5 och visar f\u00f6rst\u00e5else \u00f6ver livssituation, ser helheten och delar gl\u00e4djen \u00f6ver de framsteg som g\u00f6rs. Flera s\u00e5dana skulle vara trevligt!! \ud83d\ude09<\/p>\n<p>Torkar en gl\u00e4djet\u00e5r ur \u00f6gonvr\u00e5n och \u00e4n en g\u00e5ng s\u00e4ger jag TACK \u00c4nglaprofessorn, Tack!!<\/p>\n","protected":false},"excerpt":{"rendered":"<p>Solen skiner fr\u00e5n en klarbl\u00e5 himmel. \ud83d\ude42 Lunchen \u00e4r intagen sedan en tid tillbaka. M\u00e4tt och bel\u00e5ten vilar jag nu benen efter ett tr\u00e4ningspass p\u00e5 egen hand. Ett pass tillsammans med den behandlande \u00c4ngeln v\u00e4ntar under eftermiddagen. G\u00e5rdagens m\u00f6te med &hellip; <a href=\"https:\/\/blog.skruttet.com\/?p=3040\">Forts\u00e4tt l\u00e4sa <span class=\"meta-nav\">&rarr;<\/span><\/a><\/p>\n","protected":false},"author":1,"featured_media":0,"comment_status":"open","ping_status":"closed","sticky":false,"template":"","format":"standard","meta":[],"categories":[13],"tags":[],"_links":{"self":[{"href":"https:\/\/blog.skruttet.com\/index.php?rest_route=\/wp\/v2\/posts\/3040"}],"collection":[{"href":"https:\/\/blog.skruttet.com\/index.php?rest_route=\/wp\/v2\/posts"}],"about":[{"href":"https:\/\/blog.skruttet.com\/index.php?rest_route=\/wp\/v2\/types\/post"}],"author":[{"embeddable":true,"href":"https:\/\/blog.skruttet.com\/index.php?rest_route=\/wp\/v2\/users\/1"}],"replies":[{"embeddable":true,"href":"https:\/\/blog.skruttet.com\/index.php?rest_route=%2Fwp%2Fv2%2Fcomments&post=3040"}],"version-history":[{"count":0,"href":"https:\/\/blog.skruttet.com\/index.php?rest_route=\/wp\/v2\/posts\/3040\/revisions"}],"wp:attachment":[{"href":"https:\/\/blog.skruttet.com\/index.php?rest_route=%2Fwp%2Fv2%2Fmedia&parent=3040"}],"wp:term":[{"taxonomy":"category","embeddable":true,"href":"https:\/\/blog.skruttet.com\/index.php?rest_route=%2Fwp%2Fv2%2Fcategories&post=3040"},{"taxonomy":"post_tag","embeddable":true,"href":"https:\/\/blog.skruttet.com\/index.php?rest_route=%2Fwp%2Fv2%2Ftags&post=3040"}],"curies":[{"name":"wp","href":"https:\/\/api.w.org\/{rel}","templated":true}]}}