{"id":3055,"date":"2012-03-16T14:20:21","date_gmt":"2012-03-16T12:20:21","guid":{"rendered":"http:\/\/bloggen.fi\/skruttet\/?p=3055"},"modified":"2012-03-16T14:20:21","modified_gmt":"2012-03-16T12:20:21","slug":"vantar-med-spanning","status":"publish","type":"post","link":"https:\/\/blog.skruttet.com\/?p=3055","title":{"rendered":"Med viljan kommer modet&#8230;."},"content":{"rendered":"<p>Fredag igen!<br \/>\nM\u00e4taren p\u00e5 k\u00f6ksb\u00e4nken visar flera plusgrader och man kan n\u00e4stan &#8221;h\u00f6ra&#8221; hur sn\u00f6n t\u00f6ar.<br \/>\nSm\u00e4lter bort och blir till vatten.<\/p>\n<p><a href=\"http:\/\/www.skruttet.com\/blog\/wp-content\/uploads\/2012\/03\/Bok2.jpg\"><img loading=\"lazy\" class=\"alignright size-medium wp-image-3057\" src=\"http:\/\/www.skruttet.com\/blog\/wp-content\/uploads\/2012\/03\/Bok2-300x300.jpg\" alt=\"\" width=\"300\" height=\"300\" srcset=\"https:\/\/blog.skruttet.com\/wp-content\/uploads\/2012\/03\/Bok2-300x300.jpg 300w, https:\/\/blog.skruttet.com\/wp-content\/uploads\/2012\/03\/Bok2-150x150.jpg 150w, https:\/\/blog.skruttet.com\/wp-content\/uploads\/2012\/03\/Bok2.jpg 850w\" sizes=\"(max-width: 300px) 100vw, 300px\" \/><\/a>Jag v\u00e4ntar med sp\u00e4nning p\u00e5 att h\u00f6ra n\u00e5got om boken fr\u00e5n f\u00f6rlaget.<br \/>\nSka bli riktigt roligt att se det slutliga resultatet sedan! \ud83d\ude00<\/p>\n<p>Men det sk\u00f6naste \u00e4r \u00e4nd\u00e5 att jag \u00e4ntligen har hittat ett s\u00e4tt att kombinera passionen f\u00f6r orden och min innerliga vilja att hj\u00e4lpa andra genom det jag upplevt.<br \/>\nSk\u00f6nt att f\u00e5 ut det! Att bryta tystnaden. Att sluta sk\u00e4mmas f\u00f6r det osynliga helvetet som tyv\u00e4rr \u00e4r alltf\u00f6r vanligt (n\u00e5got jag f\u00f6rst\u00e5tt under \u00e5ren).<\/p>\n<p>Tidigare skrev jag anonymt. Och tidigare (vid bloggstarten 2006) fanns en horribel r\u00e4dsla att sm\u00e4rtan skulle komma att bli min d\u00f6d. Att drakens eld skulle br\u00e4nna mig till d\u00f6ds.<\/p>\n<p>Men h\u00e4r sitter jag nu. Helskinnad och jag har l\u00e4kt s\u00e5 v\u00e4l kropp som sj\u00e4l med hj\u00e4lp av de fantastiska redskapen \u00c4nglar av olika slag har gett mig och jag f\u00f6rs\u00f6ker f\u00f6rvalta dem p\u00e5 b\u00e4sta s\u00e4tt. Ett av s\u00e4tten \u00e4r att ge ut boken.<\/p>\n<p>Men det b\u00e4sta av allt \u00e4r nog \u00e4nd\u00e5 att att jag inte \u00e4r r\u00e4dd f\u00f6r draken l\u00e4ngre. Den hindrar mig inte l\u00e4ngre.\u00a0Jag v\u00e5gar resa utan v\u00e4rktabletter i v\u00e4skan,<br \/>\njag v\u00e5gar dr\u00f6mma, jag v\u00e5gar leva!<\/p>\n<p>Sorgen och maktl\u00f6sheten som tidigare fanns i mina \u00f6gon har nu bytts mot innerlig livsgl\u00e4dje och framtidstro. Den f\u00f6rut hatade fasaden som log \u00e4r nu \u00e4kta vara. \ud83d\ude42<\/p>\n<p>Nu kommer leendet \u00e4nda fr\u00e5n innersta vr\u00e5n av mitt hj\u00e4rta! Och jag \u00e4r glad \u00f6ver att jag v\u00e5gade l\u00e5ta tillvaron gunga f\u00f6r att ta vara p\u00e5 tillf\u00e4llet och viljan att f\u00f6r\u00e4ndra och prova p\u00e5 nya saker. Det har gett mig m\u00e5nga fina m\u00f6jligheter och m\u00f6ten &#8211; som \u00e4ven de gl\u00e4djer mig!<\/p>\n<p>Den enda som kan f\u00f6r\u00e4ndra livet \u00e4r du sj\u00e4lv &#8211; det g\u00e4ller bara att vilja tillr\u00e4ckligt mycket.<br \/>\nOch med viljan kommer modet att f\u00f6r\u00e4ndra.<\/p>\n<p>Ha en fin fredag,<br \/>\n\u00c4nglakramar!!<\/p>\n","protected":false},"excerpt":{"rendered":"<p>Fredag igen! M\u00e4taren p\u00e5 k\u00f6ksb\u00e4nken visar flera plusgrader och man kan n\u00e4stan &#8221;h\u00f6ra&#8221; hur sn\u00f6n t\u00f6ar. Sm\u00e4lter bort och blir till vatten. Jag v\u00e4ntar med sp\u00e4nning p\u00e5 att h\u00f6ra n\u00e5got om boken fr\u00e5n f\u00f6rlaget. Ska bli riktigt roligt att se &hellip; <a href=\"https:\/\/blog.skruttet.com\/?p=3055\">Forts\u00e4tt l\u00e4sa <span class=\"meta-nav\">&rarr;<\/span><\/a><\/p>\n","protected":false},"author":1,"featured_media":0,"comment_status":"open","ping_status":"closed","sticky":false,"template":"","format":"standard","meta":[],"categories":[4,10,11,16],"tags":[],"_links":{"self":[{"href":"https:\/\/blog.skruttet.com\/index.php?rest_route=\/wp\/v2\/posts\/3055"}],"collection":[{"href":"https:\/\/blog.skruttet.com\/index.php?rest_route=\/wp\/v2\/posts"}],"about":[{"href":"https:\/\/blog.skruttet.com\/index.php?rest_route=\/wp\/v2\/types\/post"}],"author":[{"embeddable":true,"href":"https:\/\/blog.skruttet.com\/index.php?rest_route=\/wp\/v2\/users\/1"}],"replies":[{"embeddable":true,"href":"https:\/\/blog.skruttet.com\/index.php?rest_route=%2Fwp%2Fv2%2Fcomments&post=3055"}],"version-history":[{"count":0,"href":"https:\/\/blog.skruttet.com\/index.php?rest_route=\/wp\/v2\/posts\/3055\/revisions"}],"wp:attachment":[{"href":"https:\/\/blog.skruttet.com\/index.php?rest_route=%2Fwp%2Fv2%2Fmedia&parent=3055"}],"wp:term":[{"taxonomy":"category","embeddable":true,"href":"https:\/\/blog.skruttet.com\/index.php?rest_route=%2Fwp%2Fv2%2Fcategories&post=3055"},{"taxonomy":"post_tag","embeddable":true,"href":"https:\/\/blog.skruttet.com\/index.php?rest_route=%2Fwp%2Fv2%2Ftags&post=3055"}],"curies":[{"name":"wp","href":"https:\/\/api.w.org\/{rel}","templated":true}]}}