{"id":3099,"date":"2012-03-23T17:06:01","date_gmt":"2012-03-23T15:06:01","guid":{"rendered":"http:\/\/bloggen.fi\/skruttet\/?p=3099"},"modified":"2012-03-23T17:06:01","modified_gmt":"2012-03-23T15:06:01","slug":"lchf-recept-efterlyses","status":"publish","type":"post","link":"https:\/\/blog.skruttet.com\/?p=3099","title":{"rendered":"Lchf-recept efterlyses"},"content":{"rendered":"<p>Fredag igen!<br \/>\nOch solen kikar fram &#8211; Kan det bli b\u00e4ttre??<br \/>\nHoppas p\u00e5 fint v\u00e4der i helgen s\u00e5 vi kan vara ute och r\u00f6ra p\u00e5 oss!<br \/>\nDet b\u00f6rjar krypa om\u00e5ttligt i kroppen nu. Vill r\u00f6ra p\u00e5 mig och i g\u00e5ng konditionen igen.<\/p>\n<p>Under helgen ska jag f\u00f6rs\u00f6ka komma mig i v\u00e4g och testa hur det g\u00e5r att simma. Som jag har l\u00e4ngtat! Sk\u00f6nt ska det bli men ovant l\u00e4r det vara! Minns inte n\u00e4r jag simmat senast \ud83d\ude42<\/p>\n<p><a href=\"http:\/\/www.skruttet.com\/blog\/wp-content\/uploads\/2012\/03\/lchf-cirkeln_162947177.jpg\"><img loading=\"lazy\" class=\"alignright size-medium wp-image-3100\" src=\"http:\/\/www.skruttet.com\/blog\/wp-content\/uploads\/2012\/03\/lchf-cirkeln_162947177-300x207.jpg\" alt=\"\" width=\"300\" height=\"207\" srcset=\"https:\/\/blog.skruttet.com\/wp-content\/uploads\/2012\/03\/lchf-cirkeln_162947177-300x207.jpg 300w, https:\/\/blog.skruttet.com\/wp-content\/uploads\/2012\/03\/lchf-cirkeln_162947177.jpg 400w\" sizes=\"(max-width: 300px) 100vw, 300px\" \/><\/a>F\u00f6r \u00f6vrigt har har beslutet mognat klart nu.<br \/>\nSka nog testa LCHF &#8211; kost f\u00f6r att kolla om magen m\u00e5r b\u00e4ttre av det \ud83d\ude42<br \/>\nDet kan ju vara v\u00e4rt ett f\u00f6rs\u00f6k i allafall t\u00e4nker jag!<\/p>\n<p>Men skulle vilja ha lite tips p\u00e5 goda recept &#8211; Kanske du sitter p\u00e5 n\u00e5tt fint lchf tips som du vill dela med dig av??<\/p>\n<p>Ha en fin fredag,<br \/>\n\u00c4nglakramar!!<\/p>\n","protected":false},"excerpt":{"rendered":"<p>Fredag igen! Och solen kikar fram &#8211; Kan det bli b\u00e4ttre?? Hoppas p\u00e5 fint v\u00e4der i helgen s\u00e5 vi kan vara ute och r\u00f6ra p\u00e5 oss! Det b\u00f6rjar krypa om\u00e5ttligt i kroppen nu. Vill r\u00f6ra p\u00e5 mig och i g\u00e5ng &hellip; <a href=\"https:\/\/blog.skruttet.com\/?p=3099\">Forts\u00e4tt l\u00e4sa <span class=\"meta-nav\">&rarr;<\/span><\/a><\/p>\n","protected":false},"author":1,"featured_media":0,"comment_status":"open","ping_status":"closed","sticky":false,"template":"","format":"standard","meta":[],"categories":[16],"tags":[],"_links":{"self":[{"href":"https:\/\/blog.skruttet.com\/index.php?rest_route=\/wp\/v2\/posts\/3099"}],"collection":[{"href":"https:\/\/blog.skruttet.com\/index.php?rest_route=\/wp\/v2\/posts"}],"about":[{"href":"https:\/\/blog.skruttet.com\/index.php?rest_route=\/wp\/v2\/types\/post"}],"author":[{"embeddable":true,"href":"https:\/\/blog.skruttet.com\/index.php?rest_route=\/wp\/v2\/users\/1"}],"replies":[{"embeddable":true,"href":"https:\/\/blog.skruttet.com\/index.php?rest_route=%2Fwp%2Fv2%2Fcomments&post=3099"}],"version-history":[{"count":0,"href":"https:\/\/blog.skruttet.com\/index.php?rest_route=\/wp\/v2\/posts\/3099\/revisions"}],"wp:attachment":[{"href":"https:\/\/blog.skruttet.com\/index.php?rest_route=%2Fwp%2Fv2%2Fmedia&parent=3099"}],"wp:term":[{"taxonomy":"category","embeddable":true,"href":"https:\/\/blog.skruttet.com\/index.php?rest_route=%2Fwp%2Fv2%2Fcategories&post=3099"},{"taxonomy":"post_tag","embeddable":true,"href":"https:\/\/blog.skruttet.com\/index.php?rest_route=%2Fwp%2Fv2%2Ftags&post=3099"}],"curies":[{"name":"wp","href":"https:\/\/api.w.org\/{rel}","templated":true}]}}