{"id":311,"date":"2007-07-03T12:08:00","date_gmt":"2007-07-03T10:08:00","guid":{"rendered":"http:\/\/det-k"},"modified":"2007-07-03T12:08:00","modified_gmt":"2007-07-03T10:08:00","slug":"det-kandes-fel-i-hela-kroppen","status":"publish","type":"post","link":"https:\/\/blog.skruttet.com\/?p=311","title":{"rendered":"Det k\u00e4ndes fel i hela kroppen"},"content":{"rendered":"<p><a href=\"http:\/\/bilder.bloggen.fi\/skruttet\/b\u00e4nk.JPG\"><img src=\"http:\/\/bilder.bloggen.fi\/skruttet\/thumb_b\u00e4nk.JPG\" align=\"right\" border=\"0\"><\/a><\/p>\n<div>I dag \u00e4r hum\u00f6ret b\u00e4ttre igen =)<\/div>\n<div>&nbsp;<\/div>\n<div>Men att vara p\u00e5 riktigt d\u00e5ligt hum\u00f6r, magont, huvudv\u00e4rk och illam\u00e5ende varje g\u00e5ng vid pl\u00e5sterbytet&#8230;. BL\u00c4!<\/div>\n<div>&nbsp;<\/div>\n<div>Sedan n\u00e4r man sitter d\u00e4r och gr\u00e5ter och tycker att &#8221;det k\u00e4nns fel i hela kroppen&#8221;&#8230;&#8230; Jag surar och omgivningen f\u00f6rs\u00f6ker sitt B\u00c4STA f\u00f6r att hj\u00e4lpa&#8230;. Men \u00e4n har jag\/vi inte lyckat f\u00e5 bort &#8221;det k\u00e4nns fel i hela kroppen&#8221; k\u00e4nslan. Den \u00e5trekommer samma dag eller dagen efter jag har bytt pl\u00e5ster&#8230;.. S\u00e5 var det I G\u00c5R&#8230;<\/div>\n<div>&nbsp;<\/div>\n<div>Samvetet blir d\u00e5ligt och jag blir lessen f\u00f6r att jag \u00e4r s\u00e5 oresonlig&#8230; K\u00e4nner mig som v\u00e4rsta odjuret&#8230;.. Med ett h\u00e5rt yttre och ett v\u00e4ldigt s\u00e5rbart, men studtals vackert inre!<\/div>\n<div>&nbsp;<\/div>\n<div>Lyssna p\u00e5&nbsp;<a title=\"denna\" href=\"http:\/\/www.youtube.com\/watch?v=uHnvErJOL3o&amp;mode=related&amp;search=\">denna<\/a> underbart vackra s\u00e5ng! Med denna s\u00e4ger jag:<\/div>\n<div>F\u00d6RL\u00c5T om jag s\u00e5rat!<\/div>\n<div>TACK f\u00f6r hj\u00e4lpen ni ger, \u00e4nglar! Uppskattas massor!!<\/div>\n","protected":false},"excerpt":{"rendered":"<p>I dag \u00e4r hum\u00f6ret b\u00e4ttre igen =) &nbsp; Men att vara p\u00e5 riktigt d\u00e5ligt hum\u00f6r, magont, huvudv\u00e4rk och illam\u00e5ende varje g\u00e5ng vid pl\u00e5sterbytet&#8230;. BL\u00c4! &nbsp; Sedan n\u00e4r man sitter d\u00e4r och gr\u00e5ter och tycker att &#8221;det k\u00e4nns fel i hela &hellip; <a href=\"https:\/\/blog.skruttet.com\/?p=311\">Forts\u00e4tt l\u00e4sa <span class=\"meta-nav\">&rarr;<\/span><\/a><\/p>\n","protected":false},"author":1,"featured_media":0,"comment_status":"open","ping_status":"open","sticky":false,"template":"","format":"standard","meta":[],"categories":[8,11,14],"tags":[],"_links":{"self":[{"href":"https:\/\/blog.skruttet.com\/index.php?rest_route=\/wp\/v2\/posts\/311"}],"collection":[{"href":"https:\/\/blog.skruttet.com\/index.php?rest_route=\/wp\/v2\/posts"}],"about":[{"href":"https:\/\/blog.skruttet.com\/index.php?rest_route=\/wp\/v2\/types\/post"}],"author":[{"embeddable":true,"href":"https:\/\/blog.skruttet.com\/index.php?rest_route=\/wp\/v2\/users\/1"}],"replies":[{"embeddable":true,"href":"https:\/\/blog.skruttet.com\/index.php?rest_route=%2Fwp%2Fv2%2Fcomments&post=311"}],"version-history":[{"count":0,"href":"https:\/\/blog.skruttet.com\/index.php?rest_route=\/wp\/v2\/posts\/311\/revisions"}],"wp:attachment":[{"href":"https:\/\/blog.skruttet.com\/index.php?rest_route=%2Fwp%2Fv2%2Fmedia&parent=311"}],"wp:term":[{"taxonomy":"category","embeddable":true,"href":"https:\/\/blog.skruttet.com\/index.php?rest_route=%2Fwp%2Fv2%2Fcategories&post=311"},{"taxonomy":"post_tag","embeddable":true,"href":"https:\/\/blog.skruttet.com\/index.php?rest_route=%2Fwp%2Fv2%2Ftags&post=311"}],"curies":[{"name":"wp","href":"https:\/\/api.w.org\/{rel}","templated":true}]}}