{"id":3114,"date":"2012-03-26T11:55:39","date_gmt":"2012-03-26T08:55:39","guid":{"rendered":"http:\/\/bloggen.fi\/skruttet\/?p=3114"},"modified":"2012-03-26T11:55:39","modified_gmt":"2012-03-26T08:55:39","slug":"dags-for-ett-nytt-avtryck","status":"publish","type":"post","link":"https:\/\/blog.skruttet.com\/?p=3114","title":{"rendered":"Dags f\u00f6r ett nytt avtryck&#8230;"},"content":{"rendered":"<p>En fin dag och en ny vecka har tagit sin b\u00f6rjan.<\/p>\n<p><a href=\"http:\/\/www.skruttet.com\/blog\/wp-content\/uploads\/2012\/03\/fotinl\u00e4gg.jpg\"><img loading=\"lazy\" class=\"alignright size-medium wp-image-3115\" src=\"http:\/\/www.skruttet.com\/blog\/wp-content\/uploads\/2012\/03\/fotinl\u00e4gg-300x228.jpg\" alt=\"\" width=\"300\" height=\"228\" srcset=\"https:\/\/blog.skruttet.com\/wp-content\/uploads\/2012\/03\/fotinl\u00e4gg-300x228.jpg 300w, https:\/\/blog.skruttet.com\/wp-content\/uploads\/2012\/03\/fotinl\u00e4gg-394x300.jpg 394w, https:\/\/blog.skruttet.com\/wp-content\/uploads\/2012\/03\/fotinl\u00e4gg.jpg 398w\" sizes=\"(max-width: 300px) 100vw, 300px\" \/><\/a>Har just lagt p\u00e5 luren efter att ha bokat en tid till en \u00c4ngel som ska skapa ett nytt fotinl\u00e4gg att s\u00e4tta i skon. Det gamla passar ju inte mer, d\u00e5 foten \u00e4ndrat st\u00e4llning. Snabbt fick jag tid f\u00f6r att g\u00f6ra fotavgjutning. Det kommer att g\u00f6ras i \u00f6vermorgon. Att g\u00f6ra avgjutning kanske l\u00e5ter avancerat.<br \/>\nMen det \u00e4r det inte. Man trampar i en skol\u00e5da fylld med skumgummi liknande material och utifr\u00e5n avtrycket lagar sedan den fotspecialiserade \u00c4ngeln inl\u00e4gget.<\/p>\n<p>Vi f\u00e5r se om det r\u00e4cker med dessa individuellt anpassade inl\u00e4gg eller om jag f\u00e5r specialgjorda skor. Jag l\u00e4gger mitt hopp till att det r\u00e4cker med anpassade inl\u00e4gg, f\u00f6r min relation till specialanpassade skor \u00e4r i det n\u00e4rmaste hatisk.<\/p>\n<p>Och jag minns \u00e5terigen de vristh\u00f6ga remf\u00f6rsedda skapelserna till skor jag skrivit om tidigare. Skitbruna var de till f\u00e4rgen och vansinnigt obekv\u00e4ma &#8211; det gjorde ont i mina f\u00f6tter att ha dem. Men m\u00e5let; att ge mig rakare fotst\u00e4llning uppn\u00e5ddes ju. Och glatt tittade man p\u00e5 mina f\u00f6tter och beundrade det underverk man \u00e5stadkommit. Halleluja!! Vilken fr\u00f6jd! Mina f\u00f6tter var ju till synes &#8217;normala&#8217;! Man var s\u00e5 stolt! Sj\u00e4lv f\u00f6rstod jag inte hysterin \u00f6ver dessa obekv\u00e4ma skor.<\/p>\n<p>Jag beh\u00f6vde v\u00e4l inga s\u00e5dana??<br \/>\nMina platta f\u00f6tter med h\u00e4lar lena som babyrumpor var det v\u00e4l inget fel p\u00e5!?!<\/p>\n<p>\u00c5ren gick och skoskaparna ins\u00e5g till min stora gl\u00e4dje att mode existerade! \ud83d\ude00<br \/>\nSkona bytte utseende och &#8221;m\u00e5nlandarskorna&#8221; skapades. Och d\u00e4rmed mina f\u00f6rsta skor med SN\u00d6REN. Obekv\u00e4ma var de fortfarande \u00a0och med bultande \u00a0f\u00f6tter gick jag som om jag skulle skitit p\u00e5 mig. Men stolt var jag &#8211; \u00e4ntligen ett par skor med sn\u00f6ren!!<\/p>\n<p>N\u00e4r jag sedan var stor nog att f\u00e5 best\u00e4mma n\u00e5got sj\u00e4lv ersattes specialskorna med inl\u00e4gg av den typen jag anv\u00e4nder i dag. Nuf\u00f6rtiden \u00e4r inl\u00e4ggen sk\u00f6na att ha och m\u00e5nga \u00e4r vi som anv\u00e4nder s\u00e5dana. Men det b\u00e4sta av allt \u00e4r nog att de passar i de flesta skor.<\/p>\n<p>Ungef\u00e4r 2,5 veckor \u00e5terst\u00e5r av den drygt 5 m\u00e5nader l\u00e5nga sjukskrivningen.<br \/>\n\u00c4ntligen b\u00f6rjar det synas n\u00e5n \u00e4nda p\u00e5 detta!<br \/>\nVilken gl\u00e4dje! \ud83d\ude00<\/p>\n<p>\u00c4nglakramar!!!<\/p>\n","protected":false},"excerpt":{"rendered":"<p>En fin dag och en ny vecka har tagit sin b\u00f6rjan. Har just lagt p\u00e5 luren efter att ha bokat en tid till en \u00c4ngel som ska skapa ett nytt fotinl\u00e4gg att s\u00e4tta i skon. Det gamla passar ju inte &hellip; <a href=\"https:\/\/blog.skruttet.com\/?p=3114\">Forts\u00e4tt l\u00e4sa <span class=\"meta-nav\">&rarr;<\/span><\/a><\/p>\n","protected":false},"author":1,"featured_media":0,"comment_status":"open","ping_status":"closed","sticky":false,"template":"","format":"standard","meta":[],"categories":[10,13,16],"tags":[],"_links":{"self":[{"href":"https:\/\/blog.skruttet.com\/index.php?rest_route=\/wp\/v2\/posts\/3114"}],"collection":[{"href":"https:\/\/blog.skruttet.com\/index.php?rest_route=\/wp\/v2\/posts"}],"about":[{"href":"https:\/\/blog.skruttet.com\/index.php?rest_route=\/wp\/v2\/types\/post"}],"author":[{"embeddable":true,"href":"https:\/\/blog.skruttet.com\/index.php?rest_route=\/wp\/v2\/users\/1"}],"replies":[{"embeddable":true,"href":"https:\/\/blog.skruttet.com\/index.php?rest_route=%2Fwp%2Fv2%2Fcomments&post=3114"}],"version-history":[{"count":0,"href":"https:\/\/blog.skruttet.com\/index.php?rest_route=\/wp\/v2\/posts\/3114\/revisions"}],"wp:attachment":[{"href":"https:\/\/blog.skruttet.com\/index.php?rest_route=%2Fwp%2Fv2%2Fmedia&parent=3114"}],"wp:term":[{"taxonomy":"category","embeddable":true,"href":"https:\/\/blog.skruttet.com\/index.php?rest_route=%2Fwp%2Fv2%2Fcategories&post=3114"},{"taxonomy":"post_tag","embeddable":true,"href":"https:\/\/blog.skruttet.com\/index.php?rest_route=%2Fwp%2Fv2%2Ftags&post=3114"}],"curies":[{"name":"wp","href":"https:\/\/api.w.org\/{rel}","templated":true}]}}