{"id":3148,"date":"2012-03-30T12:58:25","date_gmt":"2012-03-30T09:58:25","guid":{"rendered":"http:\/\/bloggen.fi\/skruttet\/?p=3148"},"modified":"2012-03-30T12:58:25","modified_gmt":"2012-03-30T09:58:25","slug":"tillfalle-att-dela-lara-och-forsta","status":"publish","type":"post","link":"https:\/\/blog.skruttet.com\/?p=3148","title":{"rendered":"Tillf\u00e4lle att dela, l\u00e4ra och f\u00f6rst\u00e5&#8230;"},"content":{"rendered":"<p><a href=\"http:\/\/www.skruttet.com\/blog\/wp-content\/uploads\/2012\/03\/f\u00f6tter.jpg\"><img loading=\"lazy\" class=\"alignright size-medium wp-image-3152\" src=\"http:\/\/www.skruttet.com\/blog\/wp-content\/uploads\/2012\/03\/f\u00f6tter-300x224.jpg\" alt=\"\" width=\"300\" height=\"224\" srcset=\"https:\/\/blog.skruttet.com\/wp-content\/uploads\/2012\/03\/f\u00f6tter-300x224.jpg 300w, https:\/\/blog.skruttet.com\/wp-content\/uploads\/2012\/03\/f\u00f6tter-400x300.jpg 400w, https:\/\/blog.skruttet.com\/wp-content\/uploads\/2012\/03\/f\u00f6tter.jpg 978w\" sizes=\"(max-width: 300px) 100vw, 300px\" \/><\/a>\u00c4ntligen fredag!<br \/>\nEn helg med trevliga h\u00e4ndelser p\u00e5 kommande.\u00a0Morgondagen kommer att inneb\u00e4ra nya m\u00f6ten. N\u00e5gra timmar av nya bekantskaper och ny kunskap.\u00a0Jag ser fram emot fina m\u00f6ten med m\u00e4nniskor som befinner sig i olika skeden i processen mot en Adoption. Fina sj\u00e4lar som f\u00f6rst\u00e5r processen utan egentlig f\u00f6rklaring.\u00a0D\u00e4r den tysta f\u00f6rst\u00e5elsen finns. D\u00e4r upplevelser och tankar kan delas och bli till ord.<\/p>\n<p>Jag \u00e4r s\u00e5 glad att jag f\u00e5r m\u00f6jligheten att ta del av och l\u00e4ra mig mer under dessa timmar.<br \/>\nS\u00e4kerligen en v\u00e4rdefull dag p\u00e5 m\u00e5nga s\u00e4tt och vis.<\/p>\n<p>Telefonen ringer och nu inv\u00e4ntas trevligt s\u00e4llskap till eftermiddagskaffet.\u00a0Finemang!<br \/>\nHa en alldeles f\u00f6rtr\u00e4ffligt bra fredag.<br \/>\nDet ska jag ha \ud83d\ude42<\/p>\n<p>\u00c4nglakramar!!<\/p>\n","protected":false},"excerpt":{"rendered":"<p>\u00c4ntligen fredag! En helg med trevliga h\u00e4ndelser p\u00e5 kommande.\u00a0Morgondagen kommer att inneb\u00e4ra nya m\u00f6ten. N\u00e5gra timmar av nya bekantskaper och ny kunskap.\u00a0Jag ser fram emot fina m\u00f6ten med m\u00e4nniskor som befinner sig i olika skeden i processen mot en Adoption. &hellip; <a href=\"https:\/\/blog.skruttet.com\/?p=3148\">Forts\u00e4tt l\u00e4sa <span class=\"meta-nav\">&rarr;<\/span><\/a><\/p>\n","protected":false},"author":1,"featured_media":0,"comment_status":"open","ping_status":"closed","sticky":false,"template":"","format":"standard","meta":[],"categories":[3,10,16],"tags":[],"_links":{"self":[{"href":"https:\/\/blog.skruttet.com\/index.php?rest_route=\/wp\/v2\/posts\/3148"}],"collection":[{"href":"https:\/\/blog.skruttet.com\/index.php?rest_route=\/wp\/v2\/posts"}],"about":[{"href":"https:\/\/blog.skruttet.com\/index.php?rest_route=\/wp\/v2\/types\/post"}],"author":[{"embeddable":true,"href":"https:\/\/blog.skruttet.com\/index.php?rest_route=\/wp\/v2\/users\/1"}],"replies":[{"embeddable":true,"href":"https:\/\/blog.skruttet.com\/index.php?rest_route=%2Fwp%2Fv2%2Fcomments&post=3148"}],"version-history":[{"count":0,"href":"https:\/\/blog.skruttet.com\/index.php?rest_route=\/wp\/v2\/posts\/3148\/revisions"}],"wp:attachment":[{"href":"https:\/\/blog.skruttet.com\/index.php?rest_route=%2Fwp%2Fv2%2Fmedia&parent=3148"}],"wp:term":[{"taxonomy":"category","embeddable":true,"href":"https:\/\/blog.skruttet.com\/index.php?rest_route=%2Fwp%2Fv2%2Fcategories&post=3148"},{"taxonomy":"post_tag","embeddable":true,"href":"https:\/\/blog.skruttet.com\/index.php?rest_route=%2Fwp%2Fv2%2Ftags&post=3148"}],"curies":[{"name":"wp","href":"https:\/\/api.w.org\/{rel}","templated":true}]}}