{"id":3164,"date":"2012-04-02T14:06:52","date_gmt":"2012-04-02T11:06:52","guid":{"rendered":"http:\/\/bloggen.fi\/skruttet\/?p=3164"},"modified":"2012-04-02T14:06:52","modified_gmt":"2012-04-02T11:06:52","slug":"vardagsfunderingar","status":"publish","type":"post","link":"https:\/\/blog.skruttet.com\/?p=3164","title":{"rendered":"Vardagsfunderingar&#8230;."},"content":{"rendered":"<p><a href=\"http:\/\/www.skruttet.com\/blog\/wp-content\/uploads\/2012\/04\/baby_picture_photo_2-300x2761.jpg\"><img loading=\"lazy\" class=\"alignright size-full wp-image-3169\" src=\"http:\/\/www.skruttet.com\/blog\/wp-content\/uploads\/2012\/04\/baby_picture_photo_2-300x2761.jpg\" alt=\"\" width=\"300\" height=\"276\" \/><\/a>Solen skiner in genom f\u00f6nstret och v\u00e4rmer f\u00f6rsiktigt min kind.<br \/>\nI dag \u00e4r en bra dag, \u00e4ven om ingenting speciellt har skett.<br \/>\nOch egentligen finns inget speciellt att skriva heller, men det \u00e4r ju bara s\u00e5 sk\u00f6nt att l\u00e5ta fingrarna dansa \u00f6ver tangentbordet och trycka p\u00e5 backspace tangenten d\u00e5 och d\u00e5 n\u00e4r man skriver fel.<\/p>\n<p>Helgen var fin p\u00e5 m\u00e5nga s\u00e4tt, h\u00e4rligt fina m\u00f6ten och trevliga bekantskaper.<br \/>\nJag sl\u00e5s \u00e4nnu en g\u00e5ng av hur mycket man egentligen utvecklas under en Adoptionsprocess. Hur n\u00e4r\u00a0 varandra man kommer. I helgen k\u00e4ndes det som jag och &lt;3-\u00c4ngeln, om m\u00f6jligt kom varandra \u00e4nnu n\u00e4rmare i processen. F\u00f6r en tid sedan var vi p\u00e5 helt olika stadier, med vitt skilda funderingar och tankar.\u00a0Nu k\u00e4nns vi mer samtida! \ud83d\ude42<\/p>\n<p>Jag \u00e4r lite orolig n\u00e4r det g\u00e4ller boken k\u00e4nner jag! Oron \u00f6kar ju mer verklig den blir:<\/p>\n<p>Hur kommer den att tas emot?<br \/>\nKommer v\u00e5rden att f\u00f6rst\u00e5 syftet med den?<br \/>\nKommer n\u00e5gon annan att bli hj\u00e4lpt?<br \/>\nV\u00e4cker den reaktioner eller blir det bara mest tyst?<\/p>\n<p>Antar att det \u00e4r tankar som h\u00f6r till??<\/p>\n<p>\u00c4nglakramar!!<\/p>\n","protected":false},"excerpt":{"rendered":"<p>Solen skiner in genom f\u00f6nstret och v\u00e4rmer f\u00f6rsiktigt min kind. I dag \u00e4r en bra dag, \u00e4ven om ingenting speciellt har skett. Och egentligen finns inget speciellt att skriva heller, men det \u00e4r ju bara s\u00e5 sk\u00f6nt att l\u00e5ta fingrarna &hellip; <a href=\"https:\/\/blog.skruttet.com\/?p=3164\">Forts\u00e4tt l\u00e4sa <span class=\"meta-nav\">&rarr;<\/span><\/a><\/p>\n","protected":false},"author":1,"featured_media":0,"comment_status":"open","ping_status":"closed","sticky":false,"template":"","format":"standard","meta":[],"categories":[3,4,10,11,14,16],"tags":[],"_links":{"self":[{"href":"https:\/\/blog.skruttet.com\/index.php?rest_route=\/wp\/v2\/posts\/3164"}],"collection":[{"href":"https:\/\/blog.skruttet.com\/index.php?rest_route=\/wp\/v2\/posts"}],"about":[{"href":"https:\/\/blog.skruttet.com\/index.php?rest_route=\/wp\/v2\/types\/post"}],"author":[{"embeddable":true,"href":"https:\/\/blog.skruttet.com\/index.php?rest_route=\/wp\/v2\/users\/1"}],"replies":[{"embeddable":true,"href":"https:\/\/blog.skruttet.com\/index.php?rest_route=%2Fwp%2Fv2%2Fcomments&post=3164"}],"version-history":[{"count":0,"href":"https:\/\/blog.skruttet.com\/index.php?rest_route=\/wp\/v2\/posts\/3164\/revisions"}],"wp:attachment":[{"href":"https:\/\/blog.skruttet.com\/index.php?rest_route=%2Fwp%2Fv2%2Fmedia&parent=3164"}],"wp:term":[{"taxonomy":"category","embeddable":true,"href":"https:\/\/blog.skruttet.com\/index.php?rest_route=%2Fwp%2Fv2%2Fcategories&post=3164"},{"taxonomy":"post_tag","embeddable":true,"href":"https:\/\/blog.skruttet.com\/index.php?rest_route=%2Fwp%2Fv2%2Ftags&post=3164"}],"curies":[{"name":"wp","href":"https:\/\/api.w.org\/{rel}","templated":true}]}}