{"id":3182,"date":"2012-04-06T10:56:42","date_gmt":"2012-04-06T07:56:42","guid":{"rendered":"http:\/\/bloggen.fi\/skruttet\/?p=3182"},"modified":"2012-04-06T10:56:42","modified_gmt":"2012-04-06T07:56:42","slug":"bilen-ar-packad-for-dagar-i-lugnet","status":"publish","type":"post","link":"https:\/\/blog.skruttet.com\/?p=3182","title":{"rendered":"Bilen \u00e4r packad f\u00f6r dagar i lugnet!!"},"content":{"rendered":"<p><a href=\"http:\/\/www.skruttet.com\/blog\/wp-content\/uploads\/2012\/04\/pask-my-molly-oddities.jpg\"><img loading=\"lazy\" class=\"alignright size-medium wp-image-3186\" src=\"http:\/\/www.skruttet.com\/blog\/wp-content\/uploads\/2012\/04\/pask-my-molly-oddities-300x297.jpg\" alt=\"\" width=\"300\" height=\"297\" srcset=\"https:\/\/blog.skruttet.com\/wp-content\/uploads\/2012\/04\/pask-my-molly-oddities-300x297.jpg 300w, https:\/\/blog.skruttet.com\/wp-content\/uploads\/2012\/04\/pask-my-molly-oddities-150x150.jpg 150w, https:\/\/blog.skruttet.com\/wp-content\/uploads\/2012\/04\/pask-my-molly-oddities-303x300.jpg 303w, https:\/\/blog.skruttet.com\/wp-content\/uploads\/2012\/04\/pask-my-molly-oddities.jpg 400w\" sizes=\"(max-width: 300px) 100vw, 300px\" \/><\/a>Hej hopp sockertopp!<br \/>\nBilen \u00e4r packad f\u00f6r en sk\u00f6n resa till mitt ursprung.\u00a0Vi \u00e5ker till lugnet och tystnaden i v\u00e5rt eget lilla \u00c4nglaparadis. \ud83d\ude42<\/p>\n<p>Eller tyst kanske det inte blir, vi har sm\u00e5 projekt planerade.\u00a0S\u00e5 det kanske blir en del hammarslag och s\u00e5gande \ud83d\ude42<\/p>\n<p>S\u00e4kert \u00e4r i allafall att vi ska njuta i goda v\u00e4nners lag.<br \/>\nJag ska krama dem h\u00e5rt, jag ska k\u00e4nna och njuta av fin gemenskap.<br \/>\nF\u00f6r gudarna ska veta att jag har l\u00e4ngtat!!<\/p>\n<p>Sk\u00f6nt ska det bli &#8211; Glad p\u00e5sk p\u00e5 er alla mina fina bloggl\u00e4sare,<br \/>\nVarma, varma \u00c4nglakramar!!<\/p>\n","protected":false},"excerpt":{"rendered":"<p>Hej hopp sockertopp! Bilen \u00e4r packad f\u00f6r en sk\u00f6n resa till mitt ursprung.\u00a0Vi \u00e5ker till lugnet och tystnaden i v\u00e5rt eget lilla \u00c4nglaparadis. \ud83d\ude42 Eller tyst kanske det inte blir, vi har sm\u00e5 projekt planerade.\u00a0S\u00e5 det kanske blir en del &hellip; <a href=\"https:\/\/blog.skruttet.com\/?p=3182\">Forts\u00e4tt l\u00e4sa <span class=\"meta-nav\">&rarr;<\/span><\/a><\/p>\n","protected":false},"author":1,"featured_media":0,"comment_status":"open","ping_status":"closed","sticky":false,"template":"","format":"standard","meta":[],"categories":[10,16],"tags":[],"_links":{"self":[{"href":"https:\/\/blog.skruttet.com\/index.php?rest_route=\/wp\/v2\/posts\/3182"}],"collection":[{"href":"https:\/\/blog.skruttet.com\/index.php?rest_route=\/wp\/v2\/posts"}],"about":[{"href":"https:\/\/blog.skruttet.com\/index.php?rest_route=\/wp\/v2\/types\/post"}],"author":[{"embeddable":true,"href":"https:\/\/blog.skruttet.com\/index.php?rest_route=\/wp\/v2\/users\/1"}],"replies":[{"embeddable":true,"href":"https:\/\/blog.skruttet.com\/index.php?rest_route=%2Fwp%2Fv2%2Fcomments&post=3182"}],"version-history":[{"count":0,"href":"https:\/\/blog.skruttet.com\/index.php?rest_route=\/wp\/v2\/posts\/3182\/revisions"}],"wp:attachment":[{"href":"https:\/\/blog.skruttet.com\/index.php?rest_route=%2Fwp%2Fv2%2Fmedia&parent=3182"}],"wp:term":[{"taxonomy":"category","embeddable":true,"href":"https:\/\/blog.skruttet.com\/index.php?rest_route=%2Fwp%2Fv2%2Fcategories&post=3182"},{"taxonomy":"post_tag","embeddable":true,"href":"https:\/\/blog.skruttet.com\/index.php?rest_route=%2Fwp%2Fv2%2Ftags&post=3182"}],"curies":[{"name":"wp","href":"https:\/\/api.w.org\/{rel}","templated":true}]}}