{"id":3211,"date":"2012-04-16T23:22:20","date_gmt":"2012-04-16T20:22:20","guid":{"rendered":"http:\/\/bloggen.fi\/skruttet\/?p=3211"},"modified":"2012-04-16T23:22:20","modified_gmt":"2012-04-16T20:22:20","slug":"ser-fram-emot-morgondagen","status":"publish","type":"post","link":"https:\/\/blog.skruttet.com\/?p=3211","title":{"rendered":"Ser fram emot morgondagen!"},"content":{"rendered":"<p>Skriver kort innan jag f\u00f6r dagen ger opp \ud83d\ude42<br \/>\n<a href=\"http:\/\/www.skruttet.com\/blog\/wp-content\/uploads\/2012\/04\/heart-in-hand-87986-360-5003.jpg\"><img loading=\"lazy\" class=\"alignright size-medium wp-image-3214\" src=\"http:\/\/www.skruttet.com\/blog\/wp-content\/uploads\/2012\/04\/heart-in-hand-87986-360-5003-216x300.jpg\" alt=\"\" width=\"216\" height=\"300\" srcset=\"https:\/\/blog.skruttet.com\/wp-content\/uploads\/2012\/04\/heart-in-hand-87986-360-5003-216x300.jpg 216w, https:\/\/blog.skruttet.com\/wp-content\/uploads\/2012\/04\/heart-in-hand-87986-360-5003.jpg 360w\" sizes=\"(max-width: 216px) 100vw, 216px\" \/><\/a>En fin dag har det varit med sysslor av olika slag. Finheten \u00e4r tr\u00f6tt efter \u00a0g\u00e5ng p\u00e5 kuperat underlag men f\u00f6r varje g\u00e5ng orkar den lite lite mer.<\/p>\n<p>Dagarna och stunderna i lyx-\u00c5ket p\u00e5 hjul har varit f\u00e5 under vistelsen i \u00c4nglaparadiset. Nu v\u00e5gar jag lita helt p\u00e5 att finheten h\u00e5ller och svullnaden har minskat avsev\u00e4rt. Nu \u00e4r &lt;3-\u00c4ngelns sko n\u00e4stan f\u00f6r stor \ud83d\ude42<\/p>\n<p>I morgon blir det trevligt umg\u00e4nge med en del av de fin fina \u00c4nglar som har en speciell plats i mitt hj\u00e4rta! \u00a0Det ser jag s\u00e5 fram emot!<br \/>\nNu \u00e4r det dags att sova.<\/p>\n<p>Godnatt,<br \/>\nVarma \u00c4nglakramar!!<\/p>\n","protected":false},"excerpt":{"rendered":"<p>Skriver kort innan jag f\u00f6r dagen ger opp \ud83d\ude42 En fin dag har det varit med sysslor av olika slag. Finheten \u00e4r tr\u00f6tt efter \u00a0g\u00e5ng p\u00e5 kuperat underlag men f\u00f6r varje g\u00e5ng orkar den lite lite mer. Dagarna och stunderna &hellip; <a href=\"https:\/\/blog.skruttet.com\/?p=3211\">Forts\u00e4tt l\u00e4sa <span class=\"meta-nav\">&rarr;<\/span><\/a><\/p>\n","protected":false},"author":1,"featured_media":0,"comment_status":"open","ping_status":"closed","sticky":false,"template":"","format":"standard","meta":[],"categories":[10,13,16],"tags":[],"_links":{"self":[{"href":"https:\/\/blog.skruttet.com\/index.php?rest_route=\/wp\/v2\/posts\/3211"}],"collection":[{"href":"https:\/\/blog.skruttet.com\/index.php?rest_route=\/wp\/v2\/posts"}],"about":[{"href":"https:\/\/blog.skruttet.com\/index.php?rest_route=\/wp\/v2\/types\/post"}],"author":[{"embeddable":true,"href":"https:\/\/blog.skruttet.com\/index.php?rest_route=\/wp\/v2\/users\/1"}],"replies":[{"embeddable":true,"href":"https:\/\/blog.skruttet.com\/index.php?rest_route=%2Fwp%2Fv2%2Fcomments&post=3211"}],"version-history":[{"count":0,"href":"https:\/\/blog.skruttet.com\/index.php?rest_route=\/wp\/v2\/posts\/3211\/revisions"}],"wp:attachment":[{"href":"https:\/\/blog.skruttet.com\/index.php?rest_route=%2Fwp%2Fv2%2Fmedia&parent=3211"}],"wp:term":[{"taxonomy":"category","embeddable":true,"href":"https:\/\/blog.skruttet.com\/index.php?rest_route=%2Fwp%2Fv2%2Fcategories&post=3211"},{"taxonomy":"post_tag","embeddable":true,"href":"https:\/\/blog.skruttet.com\/index.php?rest_route=%2Fwp%2Fv2%2Ftags&post=3211"}],"curies":[{"name":"wp","href":"https:\/\/api.w.org\/{rel}","templated":true}]}}