{"id":3245,"date":"2012-04-27T16:17:02","date_gmt":"2012-04-27T13:17:02","guid":{"rendered":"http:\/\/bloggen.fi\/skruttet\/?p=3245"},"modified":"2012-04-27T16:17:02","modified_gmt":"2012-04-27T13:17:02","slug":"osynlig-foljeslagare","status":"publish","type":"post","link":"https:\/\/blog.skruttet.com\/?p=3245","title":{"rendered":"Osynlig f\u00f6ljeslagare&#8230;"},"content":{"rendered":"<p>Fredag &amp; Helg p\u00e5 kommande \ud83d\ude42<a href=\"http:\/\/www.skruttet.com\/blog\/wp-content\/uploads\/2012\/04\/mega-icon-smiley-thumbs-up_157069540.jpg\"><img loading=\"lazy\" class=\"alignright size-full wp-image-3246\" src=\"http:\/\/www.skruttet.com\/blog\/wp-content\/uploads\/2012\/04\/mega-icon-smiley-thumbs-up_157069540.jpg\" alt=\"\" width=\"200\" height=\"152\" \/><\/a><br \/>\nKan det bli sk\u00f6nare \u00e4n s\u00e5??<\/p>\n<p>Jag \u00e4r lycklig! Lycklig \u00f6ver m\u00e5nga saker!<br \/>\nHar f\u00e5tt uppleva ett mycket fint och inneh\u00e5llsrikt m\u00e4nniskom\u00f6te.<br \/>\nEtt m\u00f6te d\u00e4r tankar fick plats och reflektioner \u00f6ver livet fick bli till ord.<\/p>\n<p>Jag \u00e4r lycklig \u00f6ver att \u00e5ter v\u00e5gar \u00e4lska att leva.<br \/>\nUtan r\u00e4dsla f\u00f6r Endometrios sm\u00e4rta. Den finns d\u00e4r ja &#8211; men \u00e4r hanterbar.<br \/>\nJag sk\u00e4ms inte l\u00e4ngre \u00f6ver att vara b\u00e4rare. Det k\u00e4nns s\u00e5 sk\u00f6nt att sl\u00e4ppa ut det &#8211; att v\u00e5ga ber\u00e4tta, delge och f\u00f6rst\u00e5 hur mycket leken med ord har hj\u00e4lpt mig.<br \/>\nHj\u00e4lpt mig tro, dr\u00f6mma och skapa!<\/p>\n<p>Jag \u00e4r lycklig \u00f6ver att jag trots allt &#8211; inte gav upp, inte sket i allt!<br \/>\nUtan k\u00e4mpade och tillsammans med \u00c4nglarna vann jag den h\u00f6gsta vinsten.<br \/>\nJag vann ett gott liv &#8211; d\u00e4r en sjukdom vid namn Endometrios \u00e4r min osynliga f\u00f6ljeslagare.<br \/>\nOch den fisande lilla draken en st\u00e4ndig svans.<\/p>\n<p>Men jag \u00e4r lycklig \u00e4nd\u00e5!<\/p>\n<p>En dag full med lycka \u00f6nskar jag er, rara bloggl\u00e4sande \u00c4nglar.<br \/>\nTack f\u00f6r att ni orkar k\u00e4mpa med mig. Ni ger mig s\u00e5 mycket!<\/p>\n<p>Varma \u00c4nglakramar!!<\/p>\n","protected":false},"excerpt":{"rendered":"<p>Fredag &amp; Helg p\u00e5 kommande \ud83d\ude42 Kan det bli sk\u00f6nare \u00e4n s\u00e5?? Jag \u00e4r lycklig! Lycklig \u00f6ver m\u00e5nga saker! Har f\u00e5tt uppleva ett mycket fint och inneh\u00e5llsrikt m\u00e4nniskom\u00f6te. Ett m\u00f6te d\u00e4r tankar fick plats och reflektioner \u00f6ver livet fick bli &hellip; <a href=\"https:\/\/blog.skruttet.com\/?p=3245\">Forts\u00e4tt l\u00e4sa <span class=\"meta-nav\">&rarr;<\/span><\/a><\/p>\n","protected":false},"author":1,"featured_media":0,"comment_status":"open","ping_status":"closed","sticky":false,"template":"","format":"standard","meta":[],"categories":[10,11,16],"tags":[],"_links":{"self":[{"href":"https:\/\/blog.skruttet.com\/index.php?rest_route=\/wp\/v2\/posts\/3245"}],"collection":[{"href":"https:\/\/blog.skruttet.com\/index.php?rest_route=\/wp\/v2\/posts"}],"about":[{"href":"https:\/\/blog.skruttet.com\/index.php?rest_route=\/wp\/v2\/types\/post"}],"author":[{"embeddable":true,"href":"https:\/\/blog.skruttet.com\/index.php?rest_route=\/wp\/v2\/users\/1"}],"replies":[{"embeddable":true,"href":"https:\/\/blog.skruttet.com\/index.php?rest_route=%2Fwp%2Fv2%2Fcomments&post=3245"}],"version-history":[{"count":0,"href":"https:\/\/blog.skruttet.com\/index.php?rest_route=\/wp\/v2\/posts\/3245\/revisions"}],"wp:attachment":[{"href":"https:\/\/blog.skruttet.com\/index.php?rest_route=%2Fwp%2Fv2%2Fmedia&parent=3245"}],"wp:term":[{"taxonomy":"category","embeddable":true,"href":"https:\/\/blog.skruttet.com\/index.php?rest_route=%2Fwp%2Fv2%2Fcategories&post=3245"},{"taxonomy":"post_tag","embeddable":true,"href":"https:\/\/blog.skruttet.com\/index.php?rest_route=%2Fwp%2Fv2%2Ftags&post=3245"}],"curies":[{"name":"wp","href":"https:\/\/api.w.org\/{rel}","templated":true}]}}