{"id":3260,"date":"2012-04-29T15:04:46","date_gmt":"2012-04-29T12:04:46","guid":{"rendered":"http:\/\/bloggen.fi\/skruttet\/?p=3260"},"modified":"2012-04-29T15:04:46","modified_gmt":"2012-04-29T12:04:46","slug":"en-sondag-med-den-vagrande-finheten","status":"publish","type":"post","link":"https:\/\/blog.skruttet.com\/?p=3260","title":{"rendered":"En s\u00f6ndag med den v\u00e4grande finheten&#8230;."},"content":{"rendered":"<p>&#8221;Har du skrivit i dag?&#8221;<br \/>\nS\u00e5 l\u00f6d fr\u00e5gan jag fick tidigare i dag \ud83d\ude42<br \/>\nJag skakade p\u00e5 huvudet och log.<\/p>\n<p>En dag ute i solen har det varit hittills.<br \/>\nLjudet av hammarslag h\u00f6rs och jag har tagit vara p\u00e5 disken som blev efter mat- och kaffepausen. Finheten har f\u00e5tt lite balanstr\u00e4ning d\u00e5 jag plockat bort lite skr\u00e4p som kommer \u00a0i den takt hammarslagen producerar och projektet v\u00e4xer fram. Men finheten protesterar, den vill inte i dag!<\/p>\n<p>Sn\u00e4lla!! Var inte dum nu kroppen, kom igen!! B\u00e4ttre kan du!!! L\u00e5t mig komma vidare i l\u00e4kningsprocessen nu. Det k\u00e4nns som jag st\u00e5tt och stampat p\u00e5 samma st\u00e4lle i veckotalet nu. Kanske har det till och med g\u00e5tt lite bak\u00e5t?? Det k\u00e4nns s\u00e5 sv\u00e5rt att g\u00e5. Foten blir snabbt tr\u00f6tt nu.<br \/>\nKanske har jag varit f\u00f6r duktig eller kanske jag r\u00f6rt mig f\u00f6r lite??<br \/>\nAllt jag k\u00e4nner \u00e4r att foten inte \u00e4r det minsta samarbetsvillig.<br \/>\nDet f\u00e5r mig irriterad och faktiskt aningen ledsen!<\/p>\n<p>Jag f\u00f6rs\u00f6ker och f\u00f6rs\u00f6ker men \u00e4nd\u00e5 h\u00e4nder INGENTING!!<br \/>\nJag VILL orka g\u00e5 NU!!!<\/p>\n<p>Nu ska jag g\u00e5 ut och njuta av solens v\u00e4rmande str\u00e5lar och tanka lite positiv energi,<br \/>\n\u00c4nglakramar!!<\/p>\n","protected":false},"excerpt":{"rendered":"<p>&#8221;Har du skrivit i dag?&#8221; S\u00e5 l\u00f6d fr\u00e5gan jag fick tidigare i dag \ud83d\ude42 Jag skakade p\u00e5 huvudet och log. En dag ute i solen har det varit hittills. Ljudet av hammarslag h\u00f6rs och jag har tagit vara p\u00e5 disken &hellip; <a href=\"https:\/\/blog.skruttet.com\/?p=3260\">Forts\u00e4tt l\u00e4sa <span class=\"meta-nav\">&rarr;<\/span><\/a><\/p>\n","protected":false},"author":1,"featured_media":0,"comment_status":"open","ping_status":"closed","sticky":false,"template":"","format":"standard","meta":[],"categories":[13,16],"tags":[],"_links":{"self":[{"href":"https:\/\/blog.skruttet.com\/index.php?rest_route=\/wp\/v2\/posts\/3260"}],"collection":[{"href":"https:\/\/blog.skruttet.com\/index.php?rest_route=\/wp\/v2\/posts"}],"about":[{"href":"https:\/\/blog.skruttet.com\/index.php?rest_route=\/wp\/v2\/types\/post"}],"author":[{"embeddable":true,"href":"https:\/\/blog.skruttet.com\/index.php?rest_route=\/wp\/v2\/users\/1"}],"replies":[{"embeddable":true,"href":"https:\/\/blog.skruttet.com\/index.php?rest_route=%2Fwp%2Fv2%2Fcomments&post=3260"}],"version-history":[{"count":0,"href":"https:\/\/blog.skruttet.com\/index.php?rest_route=\/wp\/v2\/posts\/3260\/revisions"}],"wp:attachment":[{"href":"https:\/\/blog.skruttet.com\/index.php?rest_route=%2Fwp%2Fv2%2Fmedia&parent=3260"}],"wp:term":[{"taxonomy":"category","embeddable":true,"href":"https:\/\/blog.skruttet.com\/index.php?rest_route=%2Fwp%2Fv2%2Fcategories&post=3260"},{"taxonomy":"post_tag","embeddable":true,"href":"https:\/\/blog.skruttet.com\/index.php?rest_route=%2Fwp%2Fv2%2Ftags&post=3260"}],"curies":[{"name":"wp","href":"https:\/\/api.w.org\/{rel}","templated":true}]}}