{"id":3275,"date":"2012-05-03T17:07:04","date_gmt":"2012-05-03T14:07:04","guid":{"rendered":"http:\/\/bloggen.fi\/skruttet\/?p=3275"},"modified":"2012-05-03T17:07:04","modified_gmt":"2012-05-03T14:07:04","slug":"tradgardsdrommar","status":"publish","type":"post","link":"https:\/\/blog.skruttet.com\/?p=3275","title":{"rendered":"Tr\u00e4dg\u00e5rdsdr\u00f6mmar&#8230;."},"content":{"rendered":"<p>N\u00e5gra dagar in i maj har vi hunnit.\u00a0<a href=\"http:\/\/www.skruttet.com\/blog\/wp-content\/uploads\/2012\/05\/syren-001_149420224.jpg\"><img loading=\"lazy\" class=\"alignright size-medium wp-image-3276\" src=\"http:\/\/www.skruttet.com\/blog\/wp-content\/uploads\/2012\/05\/syren-001_149420224-300x200.jpg\" alt=\"\" width=\"300\" height=\"200\" srcset=\"https:\/\/blog.skruttet.com\/wp-content\/uploads\/2012\/05\/syren-001_149420224-300x200.jpg 300w, https:\/\/blog.skruttet.com\/wp-content\/uploads\/2012\/05\/syren-001_149420224-449x300.jpg 449w, https:\/\/blog.skruttet.com\/wp-content\/uploads\/2012\/05\/syren-001_149420224.jpg 500w\" sizes=\"(max-width: 300px) 100vw, 300px\" \/><\/a><br \/>\nVeckorna g\u00e5r i rasande takt och snart har vi sommarv\u00e4rme utanf\u00f6r f\u00f6nstret.<br \/>\nJag l\u00e4ngtar till varma sommardagar och jag ser fram emot att k\u00e4nna doften av m\u00e5lf\u00e4rg n\u00e4r ett antal br\u00e4dmetrar ska m\u00e5las.<\/p>\n<p>Lika mycket ser jag fram emot att se hur alla v\u00e4xter har klarat vinterns kyla. Gr\u00e4set ser \u00e5tminstone mycket fr\u00e4schare ut nu \u00e4n vad det gjorde i fjol efter tyngden fr\u00e5n vinterns sn\u00f6massor.<br \/>\nOch f\u00f6r n\u00e5gon dag sedan s\u00e5g jag sm\u00e5 blad p\u00e5 det som f\u00f6rhoppningsvis ska bli en vacker gott doftande syren. Vilken f\u00e4rg det var vi satt minns jag faktiskt inte&#8230;. Kan det ha varit lila kanske??<\/p>\n<p>I den egen tillverkade k\u00f6kstr\u00e4dg\u00e5rden av upph\u00f6jd modell hoppas jag kunna s\u00e4tta lite l\u00f6k av n\u00e5gon form. Men vi f\u00e5r se hur vi lyckas. I fjol satt jag pumpa, som inte blev till n\u00e5got. Kanske var jag f\u00f6rsent ute?? Mor\u00f6tter, potatis och r\u00e4disor \u00e5t vi f\u00f6r glatta livet i allafall. \ud83d\ude42<\/p>\n<p>Just nu doftar jag lite d\u00e5 och d\u00e5 p\u00e5 de vackra blommorna i den vita balkongl\u00e5dan av plast. \u00a0Det f\u00e5r mig att minnas den underbara blomsterprakt vi s\u00e5g p\u00e5 den gr\u00f6na \u00f6n f\u00f6r n\u00e5gra \u00e5r sedan. \u00a0H\u00e4rligt!!<\/p>\n<p>Det r\u00e4cker gott och v\u00e4l! \ud83d\ude42<\/p>\n<p>Ha en fin torsdag,<br \/>\n\u00c4nglakramar!!<\/p>\n","protected":false},"excerpt":{"rendered":"<p>N\u00e5gra dagar in i maj har vi hunnit.\u00a0 Veckorna g\u00e5r i rasande takt och snart har vi sommarv\u00e4rme utanf\u00f6r f\u00f6nstret. Jag l\u00e4ngtar till varma sommardagar och jag ser fram emot att k\u00e4nna doften av m\u00e5lf\u00e4rg n\u00e4r ett antal br\u00e4dmetrar ska &hellip; <a href=\"https:\/\/blog.skruttet.com\/?p=3275\">Forts\u00e4tt l\u00e4sa <span class=\"meta-nav\">&rarr;<\/span><\/a><\/p>\n","protected":false},"author":1,"featured_media":0,"comment_status":"open","ping_status":"closed","sticky":false,"template":"","format":"standard","meta":[],"categories":[10,16],"tags":[],"_links":{"self":[{"href":"https:\/\/blog.skruttet.com\/index.php?rest_route=\/wp\/v2\/posts\/3275"}],"collection":[{"href":"https:\/\/blog.skruttet.com\/index.php?rest_route=\/wp\/v2\/posts"}],"about":[{"href":"https:\/\/blog.skruttet.com\/index.php?rest_route=\/wp\/v2\/types\/post"}],"author":[{"embeddable":true,"href":"https:\/\/blog.skruttet.com\/index.php?rest_route=\/wp\/v2\/users\/1"}],"replies":[{"embeddable":true,"href":"https:\/\/blog.skruttet.com\/index.php?rest_route=%2Fwp%2Fv2%2Fcomments&post=3275"}],"version-history":[{"count":0,"href":"https:\/\/blog.skruttet.com\/index.php?rest_route=\/wp\/v2\/posts\/3275\/revisions"}],"wp:attachment":[{"href":"https:\/\/blog.skruttet.com\/index.php?rest_route=%2Fwp%2Fv2%2Fmedia&parent=3275"}],"wp:term":[{"taxonomy":"category","embeddable":true,"href":"https:\/\/blog.skruttet.com\/index.php?rest_route=%2Fwp%2Fv2%2Fcategories&post=3275"},{"taxonomy":"post_tag","embeddable":true,"href":"https:\/\/blog.skruttet.com\/index.php?rest_route=%2Fwp%2Fv2%2Ftags&post=3275"}],"curies":[{"name":"wp","href":"https:\/\/api.w.org\/{rel}","templated":true}]}}