{"id":3287,"date":"2012-05-06T22:35:22","date_gmt":"2012-05-06T19:35:22","guid":{"rendered":"http:\/\/bloggen.fi\/skruttet\/?p=3287"},"modified":"2012-05-06T22:35:22","modified_gmt":"2012-05-06T19:35:22","slug":"tiden-betyder-sa-mycket","status":"publish","type":"post","link":"https:\/\/blog.skruttet.com\/?p=3287","title":{"rendered":"Tiden betyder s\u00e5 mycket&#8230;"},"content":{"rendered":"<p>En fin dag har det hittills varit!<br \/>\nJag har haft kvalitetstid med fina \u00c4nglar s\u00e5 v\u00e4l telefonledes som ansikte mot ansikte.<br \/>\nOch egentligen har det druckits alldeles f\u00f6r mycket kaffe f\u00f6r min egen mages b\u00e4sta \ud83d\ude09<br \/>\nMen h\u00e4rligt var det att bara sitta ner, strunta i tiden, samtala om ditt och datt.<br \/>\nAtt v\u00e4rdes\u00e4tta stunden precis s\u00e5 som den \u00e4r. Att vara h\u00e4r och nu!<\/p>\n<p>Att ta mig tid. Att se. Att lyssna och l\u00e4ra mig av andra m\u00e4nniskor. \u00a0De \u00e4r saker som alltid <a href=\"http:\/\/www.skruttet.com\/blog\/wp-content\/uploads\/2012\/05\/helping-hands.jpg\"><img loading=\"lazy\" class=\"alignright size-full wp-image-3288\" src=\"http:\/\/www.skruttet.com\/blog\/wp-content\/uploads\/2012\/05\/helping-hands.jpg\" alt=\"\" width=\"179\" height=\"240\" \/><\/a>varit viktiga f\u00f6r mig. Men speciellt efter tiden med Endometriossm\u00e4rtan. Det fick mig att inse hur viktigt det var att ta sig tid att; om s\u00e5 bara f\u00f6r en stund v\u00e5ga h\u00f6ra saker som kan t\u00e4nkas tabubelsgda. \u00a0Att v\u00e5ga se. Att v\u00e5ga dela. Och att tillsammans v\u00e5ga gr\u00e5ta \u00f6ver helvetisk h\u00e4rjande sm\u00e4rta. Lika mycket som att tillsammans gl\u00e4djas \u00f6ver avklingande sm\u00e4rta!<\/p>\n<p>Jag vet hur betydelsefullt det var n\u00e4r n\u00e5gon \u00c4ngel delade allt det med mig. Det gjorde mig mindre r\u00e4dd. Det fick mig att komma i h\u00e5g att andas. Det fick mig att minnas livet bortom det onda. Det fick mig att se ljuset i m\u00f6rkaste m\u00f6rkret och det fick mig att \u00e4lska livet igen!<\/p>\n<p>Beh\u00f6ver jag s\u00e4ga att jag \u00e4r innerligt glad \u00f6ver det liv jag har???<\/p>\n<p>\u00c4nglakramar!!<\/p>\n","protected":false},"excerpt":{"rendered":"<p>En fin dag har det hittills varit! Jag har haft kvalitetstid med fina \u00c4nglar s\u00e5 v\u00e4l telefonledes som ansikte mot ansikte. Och egentligen har det druckits alldeles f\u00f6r mycket kaffe f\u00f6r min egen mages b\u00e4sta \ud83d\ude09 Men h\u00e4rligt var det &hellip; <a href=\"https:\/\/blog.skruttet.com\/?p=3287\">Forts\u00e4tt l\u00e4sa <span class=\"meta-nav\">&rarr;<\/span><\/a><\/p>\n","protected":false},"author":1,"featured_media":0,"comment_status":"open","ping_status":"closed","sticky":false,"template":"","format":"standard","meta":[],"categories":[10,11,14,15,16],"tags":[],"_links":{"self":[{"href":"https:\/\/blog.skruttet.com\/index.php?rest_route=\/wp\/v2\/posts\/3287"}],"collection":[{"href":"https:\/\/blog.skruttet.com\/index.php?rest_route=\/wp\/v2\/posts"}],"about":[{"href":"https:\/\/blog.skruttet.com\/index.php?rest_route=\/wp\/v2\/types\/post"}],"author":[{"embeddable":true,"href":"https:\/\/blog.skruttet.com\/index.php?rest_route=\/wp\/v2\/users\/1"}],"replies":[{"embeddable":true,"href":"https:\/\/blog.skruttet.com\/index.php?rest_route=%2Fwp%2Fv2%2Fcomments&post=3287"}],"version-history":[{"count":0,"href":"https:\/\/blog.skruttet.com\/index.php?rest_route=\/wp\/v2\/posts\/3287\/revisions"}],"wp:attachment":[{"href":"https:\/\/blog.skruttet.com\/index.php?rest_route=%2Fwp%2Fv2%2Fmedia&parent=3287"}],"wp:term":[{"taxonomy":"category","embeddable":true,"href":"https:\/\/blog.skruttet.com\/index.php?rest_route=%2Fwp%2Fv2%2Fcategories&post=3287"},{"taxonomy":"post_tag","embeddable":true,"href":"https:\/\/blog.skruttet.com\/index.php?rest_route=%2Fwp%2Fv2%2Ftags&post=3287"}],"curies":[{"name":"wp","href":"https:\/\/api.w.org\/{rel}","templated":true}]}}