{"id":3291,"date":"2012-05-07T22:21:04","date_gmt":"2012-05-07T19:21:04","guid":{"rendered":"http:\/\/bloggen.fi\/skruttet\/?p=3291"},"modified":"2012-05-07T22:21:04","modified_gmt":"2012-05-07T19:21:04","slug":"kryckan-alltid-redo","status":"publish","type":"post","link":"https:\/\/blog.skruttet.com\/?p=3291","title":{"rendered":"Kryckan: Alltid redo!!"},"content":{"rendered":"<p>Dagen har \u00e5terigen blivit kv\u00e4ll.<\/p>\n<p>Solen v\u00e4rmde min kind s\u00e5 sk\u00f6nt n\u00e4r jag satte foten utanf\u00f6r d\u00f6rren i dag! <a href=\"http:\/\/www.skruttet.com\/blog\/wp-content\/uploads\/2012\/05\/scouthalsning_126505089.gif\"><img loading=\"lazy\" class=\"alignright size-medium wp-image-3292\" src=\"http:\/\/www.skruttet.com\/blog\/wp-content\/uploads\/2012\/05\/scouthalsning_126505089-300x266.gif\" alt=\"\" width=\"300\" height=\"266\" srcset=\"https:\/\/blog.skruttet.com\/wp-content\/uploads\/2012\/05\/scouthalsning_126505089-300x266.gif 300w, https:\/\/blog.skruttet.com\/wp-content\/uploads\/2012\/05\/scouthalsning_126505089-338x300.gif 338w, https:\/\/blog.skruttet.com\/wp-content\/uploads\/2012\/05\/scouthalsning_126505089.gif 400w\" sizes=\"(max-width: 300px) 100vw, 300px\" \/><\/a><br \/>\nMina v\u00e4nner kryckorna givit mig en hj\u00e4lpande hand.<\/p>\n<p>Mina fina f\u00f6ljeslagare som st\u00e4ndigt st\u00e5r redo \u00a0i h\u00f6rnet och v\u00e4ntar p\u00e5 att f\u00e5 hj\u00e4lpa mig fram\u00e5t n\u00e4st. Vad vore livet utan dom??<br \/>\nS\u00e4kerligen aningen sv\u00e5rare och fyllt med on\u00f6digt m\u00e5nga suck och st\u00f6n \ud83d\ude09<\/p>\n<p>S\u00e5 t\u00e4nk vilken tur att kryckan finns!!<\/p>\n<p>L\u00e5ne-\u00c5ke g\u00f6r mig s\u00e4llskap h\u00e4r hemma som en p\u00e5minnelse om att jag inte ska vara f\u00f6r envis eller duktig. Men i dag \u00f6vergav jag som sagt min l\u00e5nade v\u00e4n f\u00f6r en stund, tog kryckan i hand och stegade ut i solens sken. H\u00e4rligt!<\/p>\n<p>Lite \u00e4renden blev gjorda, kylsk\u00e5pet blev fyllt och kaffet\u00f6rsten stillades tillsammans med en \u00c4ngel \u00a0p\u00e5 ett caf\u00e9. Och t\u00e4nka sig s\u00e5 mycket roligare det blir att g\u00f6ra &#8221;m\u00e5sten&#8221; tillsammans med n\u00e5gon! Trevligt i stora m\u00e5tt har jag haft i dag. \ud83d\ude00<\/p>\n<p>Nu blir det lite tv-tittande innan det \u00e4r dags att sl\u00e5 fast \u00f6gonen f\u00f6r i dag!<br \/>\nTack &amp; Godnatt,<br \/>\n\u00c4nglakramar!!<\/p>\n","protected":false},"excerpt":{"rendered":"<p>Dagen har \u00e5terigen blivit kv\u00e4ll. Solen v\u00e4rmde min kind s\u00e5 sk\u00f6nt n\u00e4r jag satte foten utanf\u00f6r d\u00f6rren i dag! Mina v\u00e4nner kryckorna givit mig en hj\u00e4lpande hand. Mina fina f\u00f6ljeslagare som st\u00e4ndigt st\u00e5r redo \u00a0i h\u00f6rnet och v\u00e4ntar p\u00e5 att &hellip; <a href=\"https:\/\/blog.skruttet.com\/?p=3291\">Forts\u00e4tt l\u00e4sa <span class=\"meta-nav\">&rarr;<\/span><\/a><\/p>\n","protected":false},"author":1,"featured_media":0,"comment_status":"open","ping_status":"closed","sticky":false,"template":"","format":"standard","meta":[],"categories":[10,13,16],"tags":[],"_links":{"self":[{"href":"https:\/\/blog.skruttet.com\/index.php?rest_route=\/wp\/v2\/posts\/3291"}],"collection":[{"href":"https:\/\/blog.skruttet.com\/index.php?rest_route=\/wp\/v2\/posts"}],"about":[{"href":"https:\/\/blog.skruttet.com\/index.php?rest_route=\/wp\/v2\/types\/post"}],"author":[{"embeddable":true,"href":"https:\/\/blog.skruttet.com\/index.php?rest_route=\/wp\/v2\/users\/1"}],"replies":[{"embeddable":true,"href":"https:\/\/blog.skruttet.com\/index.php?rest_route=%2Fwp%2Fv2%2Fcomments&post=3291"}],"version-history":[{"count":0,"href":"https:\/\/blog.skruttet.com\/index.php?rest_route=\/wp\/v2\/posts\/3291\/revisions"}],"wp:attachment":[{"href":"https:\/\/blog.skruttet.com\/index.php?rest_route=%2Fwp%2Fv2%2Fmedia&parent=3291"}],"wp:term":[{"taxonomy":"category","embeddable":true,"href":"https:\/\/blog.skruttet.com\/index.php?rest_route=%2Fwp%2Fv2%2Fcategories&post=3291"},{"taxonomy":"post_tag","embeddable":true,"href":"https:\/\/blog.skruttet.com\/index.php?rest_route=%2Fwp%2Fv2%2Ftags&post=3291"}],"curies":[{"name":"wp","href":"https:\/\/api.w.org\/{rel}","templated":true}]}}