{"id":3335,"date":"2012-05-13T18:36:00","date_gmt":"2012-05-13T15:36:00","guid":{"rendered":"http:\/\/bloggen.fi\/skruttet\/?p=3335"},"modified":"2012-05-13T18:36:00","modified_gmt":"2012-05-13T15:36:00","slug":"framtidstro","status":"publish","type":"post","link":"https:\/\/blog.skruttet.com\/?p=3335","title":{"rendered":"Framtidstro&#8230;."},"content":{"rendered":"<p>Det \u00e4r alla m\u00f6drars dag i dag.<a href=\"http:\/\/www.skruttet.com\/blog\/wp-content\/uploads\/2012\/05\/sept_hugs2a.gif\"><img loading=\"lazy\" class=\"alignright size-full wp-image-3338\" src=\"http:\/\/www.skruttet.com\/blog\/wp-content\/uploads\/2012\/05\/sept_hugs2a.gif\" alt=\"\" width=\"281\" height=\"262\" \/><\/a><\/p>\n<p>De senaste m\u00f6dradagarna har jag upplevt med en enorm saknad och l\u00e4ngtan efter att uppleva min allra f\u00f6rsta riktiga dag som mamma. T\u00e5rarna har runnit ner f\u00f6r kinderna och jag har undrat: N\u00e4r blir det min tur??<\/p>\n<p>N\u00e5got inom mig s\u00e4ger tids nog&#8230; Tids nog&#8230;<\/p>\n<p>I dag har det inte k\u00e4nts lika jobbigt. I dag har dagen firats med hj\u00e4rtat fyllt av nytt hopp och m\u00e4ngder av framtidstro. I dag firas ju den f\u00f6rsta mors dagen sedan vi blev\u00a0godk\u00e4nda\u00a0\ud83d\ude42<br \/>\nDet k\u00e4nns speciellt!<\/p>\n<p>Och k\u00e4rleken till den lilla \u00c4ngeln som vi en dag hoppas f\u00e5 kalla v\u00e5r blir starkare f\u00f6r varje dag som g\u00e5r! Men i dag l\u00e4ngtar jag extra mycket. Och i dag k\u00e4nner hj\u00e4rtat extra mycket v\u00e4rme! V\u00e4ntan g\u00e5r vidare \ud83d\ude42<\/p>\n<p>Varma \u00c4nglakramar!!<\/p>\n<p style=\"text-align: center\"><a href=\"http:\/\/www.youtube.com\/watch?v=rtOvBOTyX00&amp;feature=related\" target=\"_blank\">Christina Perri &#8211; A Thousand Years (Official Music Video)<\/a><\/p>\n","protected":false},"excerpt":{"rendered":"<p>Det \u00e4r alla m\u00f6drars dag i dag. De senaste m\u00f6dradagarna har jag upplevt med en enorm saknad och l\u00e4ngtan efter att uppleva min allra f\u00f6rsta riktiga dag som mamma. T\u00e5rarna har runnit ner f\u00f6r kinderna och jag har undrat: N\u00e4r &hellip; <a href=\"https:\/\/blog.skruttet.com\/?p=3335\">Forts\u00e4tt l\u00e4sa <span class=\"meta-nav\">&rarr;<\/span><\/a><\/p>\n","protected":false},"author":1,"featured_media":0,"comment_status":"open","ping_status":"closed","sticky":false,"template":"","format":"standard","meta":[],"categories":[3,10],"tags":[],"_links":{"self":[{"href":"https:\/\/blog.skruttet.com\/index.php?rest_route=\/wp\/v2\/posts\/3335"}],"collection":[{"href":"https:\/\/blog.skruttet.com\/index.php?rest_route=\/wp\/v2\/posts"}],"about":[{"href":"https:\/\/blog.skruttet.com\/index.php?rest_route=\/wp\/v2\/types\/post"}],"author":[{"embeddable":true,"href":"https:\/\/blog.skruttet.com\/index.php?rest_route=\/wp\/v2\/users\/1"}],"replies":[{"embeddable":true,"href":"https:\/\/blog.skruttet.com\/index.php?rest_route=%2Fwp%2Fv2%2Fcomments&post=3335"}],"version-history":[{"count":0,"href":"https:\/\/blog.skruttet.com\/index.php?rest_route=\/wp\/v2\/posts\/3335\/revisions"}],"wp:attachment":[{"href":"https:\/\/blog.skruttet.com\/index.php?rest_route=%2Fwp%2Fv2%2Fmedia&parent=3335"}],"wp:term":[{"taxonomy":"category","embeddable":true,"href":"https:\/\/blog.skruttet.com\/index.php?rest_route=%2Fwp%2Fv2%2Fcategories&post=3335"},{"taxonomy":"post_tag","embeddable":true,"href":"https:\/\/blog.skruttet.com\/index.php?rest_route=%2Fwp%2Fv2%2Ftags&post=3335"}],"curies":[{"name":"wp","href":"https:\/\/api.w.org\/{rel}","templated":true}]}}