{"id":3361,"date":"2012-05-17T19:44:50","date_gmt":"2012-05-17T16:44:50","guid":{"rendered":"http:\/\/bloggen.fi\/skruttet\/?p=3361"},"modified":"2012-05-17T19:44:50","modified_gmt":"2012-05-17T16:44:50","slug":"osynligheten-som-beror","status":"publish","type":"post","link":"https:\/\/blog.skruttet.com\/?p=3361","title":{"rendered":"Osynligheten som ber\u00f6r&#8230;.."},"content":{"rendered":"<p>Sakta k\u00e4nner jag den underbara doften av ugnspannkaka sprida sig \u00a0h\u00e4r i \u00c4nglag\u00e5rden. Den f\u00f6rsta av tv\u00e5 pl\u00e5tar som ska lagas \u00e4r i ugnen. \ud83d\ude1b\u00a0<a href=\"http:\/\/www.skruttet.com\/blog\/wp-content\/uploads\/2012\/05\/mage_20216530.jpg\"><img loading=\"lazy\" class=\"alignright size-medium wp-image-3362\" src=\"http:\/\/www.skruttet.com\/blog\/wp-content\/uploads\/2012\/05\/mage_20216530-300x263.jpg\" alt=\"\" width=\"300\" height=\"263\" srcset=\"https:\/\/blog.skruttet.com\/wp-content\/uploads\/2012\/05\/mage_20216530-300x263.jpg 300w, https:\/\/blog.skruttet.com\/wp-content\/uploads\/2012\/05\/mage_20216530-341x300.jpg 341w, https:\/\/blog.skruttet.com\/wp-content\/uploads\/2012\/05\/mage_20216530.jpg 368w\" sizes=\"(max-width: 300px) 100vw, 300px\" \/><\/a>Den f\u00e5r f\u00e5r mig att minnas mitt ursprung och de fina kaffestunderna med en \u00c4ngel jag b\u00e4r n\u00e4ra hj\u00e4rtat. \u00a0Jag k\u00e4nner ett sting av l\u00e4ngtan.<br \/>\nL\u00e4ngtan efter att, tillsammans med min goda v\u00e4n f\u00e5 sitta och prata bort X antal timmar. Sleva i sig nygr\u00e4ddad pannkaka i lagom konsistens och h\u00e4va i sig alldeles f\u00f6r mycket kaffe f\u00f6r min mages b\u00e4sta. \ud83d\ude00<\/p>\n<p>P\u00e5 tal om mage s\u00e5 vill jag tacka f\u00f6r alla de fina kommentarer jag f\u00e5tt via, mail, sms och chatt under dagen! Efter artikeln\u00a0har jag verkligen konstaterat att Endometrios \u00e4r osynligheten d\u00e4r m\u00e5nga ber\u00f6rs! Och vi beh\u00f6ver v\u00e5ga se, vi beh\u00f6ver v\u00e5ga tala och h\u00f6ra om den ber\u00f6rande osynlighet som varken \u00e4r helt l\u00e4tt att b\u00e4ra eller f\u00f6rst\u00e5 sig p\u00e5.<\/p>\n<p>Nu \u00e4r det dags att fixa i hop n\u00e4sta pannkakssmet. \ud83d\ude42<br \/>\nHa en fin fortsatt torsdag,<br \/>\n\u00c4nglakramar!!<\/p>\n","protected":false},"excerpt":{"rendered":"<p>Sakta k\u00e4nner jag den underbara doften av ugnspannkaka sprida sig \u00a0h\u00e4r i \u00c4nglag\u00e5rden. Den f\u00f6rsta av tv\u00e5 pl\u00e5tar som ska lagas \u00e4r i ugnen. \ud83d\ude1b\u00a0Den f\u00e5r f\u00e5r mig att minnas mitt ursprung och de fina kaffestunderna med en \u00c4ngel jag &hellip; <a href=\"https:\/\/blog.skruttet.com\/?p=3361\">Forts\u00e4tt l\u00e4sa <span class=\"meta-nav\">&rarr;<\/span><\/a><\/p>\n","protected":false},"author":1,"featured_media":0,"comment_status":"open","ping_status":"closed","sticky":false,"template":"","format":"standard","meta":[],"categories":[10,11,16],"tags":[],"_links":{"self":[{"href":"https:\/\/blog.skruttet.com\/index.php?rest_route=\/wp\/v2\/posts\/3361"}],"collection":[{"href":"https:\/\/blog.skruttet.com\/index.php?rest_route=\/wp\/v2\/posts"}],"about":[{"href":"https:\/\/blog.skruttet.com\/index.php?rest_route=\/wp\/v2\/types\/post"}],"author":[{"embeddable":true,"href":"https:\/\/blog.skruttet.com\/index.php?rest_route=\/wp\/v2\/users\/1"}],"replies":[{"embeddable":true,"href":"https:\/\/blog.skruttet.com\/index.php?rest_route=%2Fwp%2Fv2%2Fcomments&post=3361"}],"version-history":[{"count":0,"href":"https:\/\/blog.skruttet.com\/index.php?rest_route=\/wp\/v2\/posts\/3361\/revisions"}],"wp:attachment":[{"href":"https:\/\/blog.skruttet.com\/index.php?rest_route=%2Fwp%2Fv2%2Fmedia&parent=3361"}],"wp:term":[{"taxonomy":"category","embeddable":true,"href":"https:\/\/blog.skruttet.com\/index.php?rest_route=%2Fwp%2Fv2%2Fcategories&post=3361"},{"taxonomy":"post_tag","embeddable":true,"href":"https:\/\/blog.skruttet.com\/index.php?rest_route=%2Fwp%2Fv2%2Ftags&post=3361"}],"curies":[{"name":"wp","href":"https:\/\/api.w.org\/{rel}","templated":true}]}}