{"id":3380,"date":"2012-05-20T21:21:40","date_gmt":"2012-05-20T18:21:40","guid":{"rendered":"http:\/\/bloggen.fi\/skruttet\/?p=3380"},"modified":"2012-05-20T21:21:40","modified_gmt":"2012-05-20T18:21:40","slug":"ma-basta-lag-vinna","status":"publish","type":"post","link":"https:\/\/blog.skruttet.com\/?p=3380","title":{"rendered":"M\u00e5 b\u00e4sta lag vinna!"},"content":{"rendered":"<p>S\u00f6ndag kv\u00e4ll. <a href=\"http:\/\/www.skruttet.com\/blog\/wp-content\/uploads\/2012\/05\/puck.jpg\"><img loading=\"lazy\" class=\"alignright size-medium wp-image-3381\" src=\"http:\/\/www.skruttet.com\/blog\/wp-content\/uploads\/2012\/05\/puck-300x168.jpg\" alt=\"\" width=\"300\" height=\"168\" srcset=\"https:\/\/blog.skruttet.com\/wp-content\/uploads\/2012\/05\/puck-300x168.jpg 300w, https:\/\/blog.skruttet.com\/wp-content\/uploads\/2012\/05\/puck-500x280.jpg 500w, https:\/\/blog.skruttet.com\/wp-content\/uploads\/2012\/05\/puck.jpg 520w\" sizes=\"(max-width: 300px) 100vw, 300px\" \/><\/a><br \/>\nHelgen b\u00f6rjar n\u00e4rma sig slutet och jag skulle tro att det \u00e4r m\u00e5nga som sitter framf\u00f6r tv:n just precis i detta nu. Finalen i ishockey VM p\u00e5g\u00e5r ju som b\u00e4st.<br \/>\nI bland brukar jag se just finalen, men i \u00e5r orkar jag inte. H\u00f6r bara p\u00e5 avst\u00e5nd referatet av matchen.\u00a0M\u00e5 bara b\u00e4sta lag kamma hem guldet \ud83d\ude42<\/p>\n<p>\u00c4ven i dag har det varit en dag p\u00e5 vift. Trevligt v\u00e4rre har det varit.<br \/>\nI morgon kommer vardagen igen och f\u00f6r m\u00e5nga kallar arbete eller studier.<br \/>\nF\u00f6r egen del ska jag se till att egen tr\u00e4ningen blir gjord. Jag ska promenera lite mer \u00e4n lagom mycket, f\u00f6rs\u00f6ker \u00f6ka lite med j\u00e4mna mellanrum. Nu under helgen har det inte blivit n\u00e5gra tr\u00e4ningspass alls. Bortsett i fr\u00e5n lite g\u00e5ng p\u00e5 kort avst\u00e5nd. Ajabaja&#8230; Inte fuska!<\/p>\n<p>F\u00f6rutom tr\u00e4ningen v\u00e4ntar en kaffestund i trevligt s\u00e4llskap. H\u00e4rligt!!<br \/>\nHa en sk\u00f6n fortsatt s\u00f6ndag,<br \/>\n\u00c4nglakramar!!<\/p>\n","protected":false},"excerpt":{"rendered":"<p>S\u00f6ndag kv\u00e4ll. Helgen b\u00f6rjar n\u00e4rma sig slutet och jag skulle tro att det \u00e4r m\u00e5nga som sitter framf\u00f6r tv:n just precis i detta nu. Finalen i ishockey VM p\u00e5g\u00e5r ju som b\u00e4st. I bland brukar jag se just finalen, men &hellip; <a href=\"https:\/\/blog.skruttet.com\/?p=3380\">Forts\u00e4tt l\u00e4sa <span class=\"meta-nav\">&rarr;<\/span><\/a><\/p>\n","protected":false},"author":1,"featured_media":0,"comment_status":"open","ping_status":"closed","sticky":false,"template":"","format":"standard","meta":[],"categories":[16],"tags":[],"_links":{"self":[{"href":"https:\/\/blog.skruttet.com\/index.php?rest_route=\/wp\/v2\/posts\/3380"}],"collection":[{"href":"https:\/\/blog.skruttet.com\/index.php?rest_route=\/wp\/v2\/posts"}],"about":[{"href":"https:\/\/blog.skruttet.com\/index.php?rest_route=\/wp\/v2\/types\/post"}],"author":[{"embeddable":true,"href":"https:\/\/blog.skruttet.com\/index.php?rest_route=\/wp\/v2\/users\/1"}],"replies":[{"embeddable":true,"href":"https:\/\/blog.skruttet.com\/index.php?rest_route=%2Fwp%2Fv2%2Fcomments&post=3380"}],"version-history":[{"count":0,"href":"https:\/\/blog.skruttet.com\/index.php?rest_route=\/wp\/v2\/posts\/3380\/revisions"}],"wp:attachment":[{"href":"https:\/\/blog.skruttet.com\/index.php?rest_route=%2Fwp%2Fv2%2Fmedia&parent=3380"}],"wp:term":[{"taxonomy":"category","embeddable":true,"href":"https:\/\/blog.skruttet.com\/index.php?rest_route=%2Fwp%2Fv2%2Fcategories&post=3380"},{"taxonomy":"post_tag","embeddable":true,"href":"https:\/\/blog.skruttet.com\/index.php?rest_route=%2Fwp%2Fv2%2Ftags&post=3380"}],"curies":[{"name":"wp","href":"https:\/\/api.w.org\/{rel}","templated":true}]}}