{"id":3389,"date":"2012-05-21T22:56:50","date_gmt":"2012-05-21T19:56:50","guid":{"rendered":"http:\/\/bloggen.fi\/skruttet\/?p=3389"},"modified":"2012-05-21T22:56:50","modified_gmt":"2012-05-21T19:56:50","slug":"snalla-sag-att-det-beror-pa-hormonerna","status":"publish","type":"post","link":"https:\/\/blog.skruttet.com\/?p=3389","title":{"rendered":"Sn\u00e4lla!! S\u00e4g att det beror p\u00e5 hormonerna!!"},"content":{"rendered":"<p>Godkv\u00e4ll i stugorna!<br \/>\nDagen har passerat i lugn takt h\u00e4r i \u00c4nglag\u00e5rden.\u00a0<a href=\"http:\/\/www.skruttet.com\/blog\/wp-content\/uploads\/2012\/05\/4fbf2fed-eee1-4213-a0e6-2bfa33c46532.jpg\"><img loading=\"lazy\" class=\"alignright size-full wp-image-3390\" src=\"http:\/\/www.skruttet.com\/blog\/wp-content\/uploads\/2012\/05\/4fbf2fed-eee1-4213-a0e6-2bfa33c46532.jpg\" alt=\"\" width=\"210\" height=\"200\" \/><\/a><br \/>\nMorgonen startade segt men det har blivit b\u00e4ttre utmed dagen.<br \/>\nEn fin, l\u00e5ng kaffestund tillsammans med en rar \u00c4ngel gjorde gott f\u00f6r min tr\u00f6tta knopp och kropp. Likas\u00e5 den blixtvisit jag fick p\u00e5 senare delen av eftermiddagen!<br \/>\nLika uppskattad var den \ud83d\ude42<\/p>\n<p>Jag har f\u00e5tt m\u00e5 riktigt bra en l\u00e5ng, l\u00e5ng tid nu. Och med l\u00e5ng tid menar jag m\u00e5nader, ja till och med \u00e5r!!! S\u00e5 sk\u00f6nt \u00e4r det att kunna faktiskt leva och m\u00e5 v\u00e4l utan en enda tanke p\u00e5 varken l\u00e4karbes\u00f6k eller att v\u00e4rkmedicinen ska r\u00e4cka. N\u00e4r nu dessa bekanta sm\u00e4rtor dyker \u00a0upp igen blir jag ledsen och jag hoppas att det h\u00e4r \u00e4r bara efterdyningar av sm\u00e4rtorna jag k\u00e4nde f\u00f6rut eller som jag skrev tidigare att jag gett magen saker den inte t\u00e5l.<\/p>\n<p>Jag k\u00e4nner ingen sm\u00e4rta nu men jag \u00e4r s\u00e5 tr\u00f6tt, s\u00e5 infernaliskt tr\u00f6tt! Och l\u00e4gger mitt hopp p\u00e5 att gr\u00e5tmildheten, bristf\u00e4lliga s\u00f6mnen och k\u00e4nslan av obalans i kroppen \u00a0beror p\u00e5 hormonerna. Jag \u00f6nskar det!! F\u00f6r d\u00e5 g\u00e5r det relativt &#8221;enkelt&#8221; att ordna s\u00e5 att v\u00e4lm\u00e5eendet visar sig igen. F\u00f6r det h\u00e4r \u00e4r inte jag!<\/p>\n<p>Jag orkar ingenting just nu!!<\/p>\n","protected":false},"excerpt":{"rendered":"<p>Godkv\u00e4ll i stugorna! Dagen har passerat i lugn takt h\u00e4r i \u00c4nglag\u00e5rden.\u00a0 Morgonen startade segt men det har blivit b\u00e4ttre utmed dagen. En fin, l\u00e5ng kaffestund tillsammans med en rar \u00c4ngel gjorde gott f\u00f6r min tr\u00f6tta knopp och kropp. Likas\u00e5 &hellip; <a href=\"https:\/\/blog.skruttet.com\/?p=3389\">Forts\u00e4tt l\u00e4sa <span class=\"meta-nav\">&rarr;<\/span><\/a><\/p>\n","protected":false},"author":1,"featured_media":0,"comment_status":"open","ping_status":"closed","sticky":false,"template":"","format":"standard","meta":[],"categories":[11,14,16],"tags":[],"_links":{"self":[{"href":"https:\/\/blog.skruttet.com\/index.php?rest_route=\/wp\/v2\/posts\/3389"}],"collection":[{"href":"https:\/\/blog.skruttet.com\/index.php?rest_route=\/wp\/v2\/posts"}],"about":[{"href":"https:\/\/blog.skruttet.com\/index.php?rest_route=\/wp\/v2\/types\/post"}],"author":[{"embeddable":true,"href":"https:\/\/blog.skruttet.com\/index.php?rest_route=\/wp\/v2\/users\/1"}],"replies":[{"embeddable":true,"href":"https:\/\/blog.skruttet.com\/index.php?rest_route=%2Fwp%2Fv2%2Fcomments&post=3389"}],"version-history":[{"count":0,"href":"https:\/\/blog.skruttet.com\/index.php?rest_route=\/wp\/v2\/posts\/3389\/revisions"}],"wp:attachment":[{"href":"https:\/\/blog.skruttet.com\/index.php?rest_route=%2Fwp%2Fv2%2Fmedia&parent=3389"}],"wp:term":[{"taxonomy":"category","embeddable":true,"href":"https:\/\/blog.skruttet.com\/index.php?rest_route=%2Fwp%2Fv2%2Fcategories&post=3389"},{"taxonomy":"post_tag","embeddable":true,"href":"https:\/\/blog.skruttet.com\/index.php?rest_route=%2Fwp%2Fv2%2Ftags&post=3389"}],"curies":[{"name":"wp","href":"https:\/\/api.w.org\/{rel}","templated":true}]}}