{"id":3429,"date":"2012-05-26T17:37:33","date_gmt":"2012-05-26T14:37:33","guid":{"rendered":"http:\/\/bloggen.fi\/skruttet\/?p=3429"},"modified":"2012-05-26T17:37:33","modified_gmt":"2012-05-26T14:37:33","slug":"jag-ska-mala-hela-varlden","status":"publish","type":"post","link":"https:\/\/blog.skruttet.com\/?p=3429","title":{"rendered":"Jag ska m\u00e5la hela v\u00e4rlden&#8230;."},"content":{"rendered":"<p>Str\u00e5lande sol \u00e4r det i dag \ud83d\ude00<a href=\"http:\/\/www.skruttet.com\/blog\/wp-content\/uploads\/2012\/05\/eurovision_2012_logo_final.jpg\"><img loading=\"lazy\" class=\"alignright size-medium wp-image-3430\" src=\"http:\/\/www.skruttet.com\/blog\/wp-content\/uploads\/2012\/05\/eurovision_2012_logo_final-300x241.jpg\" alt=\"\" width=\"300\" height=\"241\" srcset=\"https:\/\/blog.skruttet.com\/wp-content\/uploads\/2012\/05\/eurovision_2012_logo_final-300x241.jpg 300w, https:\/\/blog.skruttet.com\/wp-content\/uploads\/2012\/05\/eurovision_2012_logo_final-372x300.jpg 372w, https:\/\/blog.skruttet.com\/wp-content\/uploads\/2012\/05\/eurovision_2012_logo_final.jpg 620w\" sizes=\"(max-width: 300px) 100vw, 300px\" \/><\/a><br \/>\nM\u00e5larkl\u00e4derna \u00e5kte p\u00e5 och solskyddsfaktorn lika s\u00e5. I dag h\u00e5ller vi oss p\u00e5 utsidan och fixar!<\/p>\n<p>Efter n\u00e5gon timma v\u00e4rmde solen huvudet lite v\u00e4l, trots bonad och vatten.<br \/>\nS\u00e5 vi pausar f\u00f6r middag och forts\u00e4tter m\u00e5leriet under kv\u00e4llen i st\u00e4llet. Om svalkan har infunnit sig. Sedan kommer vi nog, s\u00e5 som m\u00e5nga andra, att se Melodifestivalen. Jag har inte f\u00f6ljt det s\u00e5 speciellt bra hittills, men n\u00e5gra favoriter finns. Bland dem h\u00f6r <a href=\"http:\/\/www.youtube.com\/watch?v=MxA6TWLttZo\">Tyskland <\/a>\u00a0och\u00a0<a href=\"http:\/\/www.youtube.com\/watch?v=g3sztAoMBtI\">Sverige<\/a>.<\/p>\n<p>Men det \u00e5terst\u00e5r att se. Nu ska jag kolla till potatiskastrullen \ud83d\ude42<br \/>\nHa en fin l\u00e4rdagkv\u00e4ll,<br \/>\n\u00c4nglakramar!!<\/p>\n","protected":false},"excerpt":{"rendered":"<p>Str\u00e5lande sol \u00e4r det i dag \ud83d\ude00 M\u00e5larkl\u00e4derna \u00e5kte p\u00e5 och solskyddsfaktorn lika s\u00e5. I dag h\u00e5ller vi oss p\u00e5 utsidan och fixar! Efter n\u00e5gon timma v\u00e4rmde solen huvudet lite v\u00e4l, trots bonad och vatten. S\u00e5 vi pausar f\u00f6r middag &hellip; <a href=\"https:\/\/blog.skruttet.com\/?p=3429\">Forts\u00e4tt l\u00e4sa <span class=\"meta-nav\">&rarr;<\/span><\/a><\/p>\n","protected":false},"author":1,"featured_media":0,"comment_status":"open","ping_status":"closed","sticky":false,"template":"","format":"standard","meta":[],"categories":[16],"tags":[],"_links":{"self":[{"href":"https:\/\/blog.skruttet.com\/index.php?rest_route=\/wp\/v2\/posts\/3429"}],"collection":[{"href":"https:\/\/blog.skruttet.com\/index.php?rest_route=\/wp\/v2\/posts"}],"about":[{"href":"https:\/\/blog.skruttet.com\/index.php?rest_route=\/wp\/v2\/types\/post"}],"author":[{"embeddable":true,"href":"https:\/\/blog.skruttet.com\/index.php?rest_route=\/wp\/v2\/users\/1"}],"replies":[{"embeddable":true,"href":"https:\/\/blog.skruttet.com\/index.php?rest_route=%2Fwp%2Fv2%2Fcomments&post=3429"}],"version-history":[{"count":0,"href":"https:\/\/blog.skruttet.com\/index.php?rest_route=\/wp\/v2\/posts\/3429\/revisions"}],"wp:attachment":[{"href":"https:\/\/blog.skruttet.com\/index.php?rest_route=%2Fwp%2Fv2%2Fmedia&parent=3429"}],"wp:term":[{"taxonomy":"category","embeddable":true,"href":"https:\/\/blog.skruttet.com\/index.php?rest_route=%2Fwp%2Fv2%2Fcategories&post=3429"},{"taxonomy":"post_tag","embeddable":true,"href":"https:\/\/blog.skruttet.com\/index.php?rest_route=%2Fwp%2Fv2%2Ftags&post=3429"}],"curies":[{"name":"wp","href":"https:\/\/api.w.org\/{rel}","templated":true}]}}