{"id":3452,"date":"2012-05-29T16:24:30","date_gmt":"2012-05-29T13:24:30","guid":{"rendered":"http:\/\/bloggen.fi\/skruttet\/?p=3452"},"modified":"2012-05-29T16:24:30","modified_gmt":"2012-05-29T13:24:30","slug":"processen-gar-framat","status":"publish","type":"post","link":"https:\/\/blog.skruttet.com\/?p=3452","title":{"rendered":"Processen g\u00e5r fram\u00e5t&#8230;"},"content":{"rendered":"<p>Tisdag i dag. En bra s\u00e5dan \ud83d\ude42<a href=\"http:\/\/www.skruttet.com\/blog\/wp-content\/uploads\/2012\/05\/mom-baby-hand1_160249796.jpg\"><img loading=\"lazy\" class=\"alignright size-medium wp-image-3453\" src=\"http:\/\/www.skruttet.com\/blog\/wp-content\/uploads\/2012\/05\/mom-baby-hand1_160249796-300x240.jpg\" alt=\"\" width=\"300\" height=\"240\" srcset=\"https:\/\/blog.skruttet.com\/wp-content\/uploads\/2012\/05\/mom-baby-hand1_160249796-300x240.jpg 300w, https:\/\/blog.skruttet.com\/wp-content\/uploads\/2012\/05\/mom-baby-hand1_160249796.jpg 360w\" sizes=\"(max-width: 300px) 100vw, 300px\" \/><\/a><br \/>\nLunchen ligger i magen sedan ett tag tillbaka och jag v\u00e4ntar p\u00e5 att kaffebryggaren ska bubbla klart och ge mig en kopp gott sent eftermiddagskaffe. (som smakade alldeles utm\u00e4rkt).<\/p>\n<p>Som rubriken s\u00e4ger har Den lilla handens resa framskridit lite grann. En f\u00f6rhandsf\u00f6rfr\u00e5gan och en kort personbeskrivning av oss har skickats utomlands. Vilka l\u00e4nder som \u00e4r aktuella f\u00f6r oss vill jag inte ber\u00e4tta i detta skede.<br \/>\nF\u00f6rfr\u00e5gan som ger oss en f\u00f6raning om var det kan vara m\u00f6jligt f\u00f6r oss att vara s\u00f6kande. Trots mitt fysiska hinder. Kommer ett OK s\u00e5 ska alla v\u00e5ra papper \u00f6vers\u00e4ttas \ud83d\ude00<\/p>\n<p>Nu kan vi inget annat \u00e4n hoppas att det g\u00e5r v\u00e4gen.<\/p>\n<p>\u00c4nglakramar!!<\/p>\n","protected":false},"excerpt":{"rendered":"<p>Tisdag i dag. En bra s\u00e5dan \ud83d\ude42 Lunchen ligger i magen sedan ett tag tillbaka och jag v\u00e4ntar p\u00e5 att kaffebryggaren ska bubbla klart och ge mig en kopp gott sent eftermiddagskaffe. (som smakade alldeles utm\u00e4rkt). Som rubriken s\u00e4ger har &hellip; <a href=\"https:\/\/blog.skruttet.com\/?p=3452\">Forts\u00e4tt l\u00e4sa <span class=\"meta-nav\">&rarr;<\/span><\/a><\/p>\n","protected":false},"author":1,"featured_media":0,"comment_status":"open","ping_status":"closed","sticky":false,"template":"","format":"standard","meta":[],"categories":[3,16],"tags":[],"_links":{"self":[{"href":"https:\/\/blog.skruttet.com\/index.php?rest_route=\/wp\/v2\/posts\/3452"}],"collection":[{"href":"https:\/\/blog.skruttet.com\/index.php?rest_route=\/wp\/v2\/posts"}],"about":[{"href":"https:\/\/blog.skruttet.com\/index.php?rest_route=\/wp\/v2\/types\/post"}],"author":[{"embeddable":true,"href":"https:\/\/blog.skruttet.com\/index.php?rest_route=\/wp\/v2\/users\/1"}],"replies":[{"embeddable":true,"href":"https:\/\/blog.skruttet.com\/index.php?rest_route=%2Fwp%2Fv2%2Fcomments&post=3452"}],"version-history":[{"count":0,"href":"https:\/\/blog.skruttet.com\/index.php?rest_route=\/wp\/v2\/posts\/3452\/revisions"}],"wp:attachment":[{"href":"https:\/\/blog.skruttet.com\/index.php?rest_route=%2Fwp%2Fv2%2Fmedia&parent=3452"}],"wp:term":[{"taxonomy":"category","embeddable":true,"href":"https:\/\/blog.skruttet.com\/index.php?rest_route=%2Fwp%2Fv2%2Fcategories&post=3452"},{"taxonomy":"post_tag","embeddable":true,"href":"https:\/\/blog.skruttet.com\/index.php?rest_route=%2Fwp%2Fv2%2Ftags&post=3452"}],"curies":[{"name":"wp","href":"https:\/\/api.w.org\/{rel}","templated":true}]}}