{"id":3491,"date":"2012-06-08T16:41:03","date_gmt":"2012-06-08T13:41:03","guid":{"rendered":"http:\/\/bloggen.fi\/skruttet\/?p=3491"},"modified":"2012-06-08T16:41:03","modified_gmt":"2012-06-08T13:41:03","slug":"drommer-om-hjalpredan-maja","status":"publish","type":"post","link":"https:\/\/blog.skruttet.com\/?p=3491","title":{"rendered":"Dr\u00f6mmer om hj\u00e4lpredan Maja&#8230;."},"content":{"rendered":"<p>Fredag, sol och helg p\u00e5 kommande \ud83d\ude00<a href=\"http:\/\/www.skruttet.com\/blog\/wp-content\/uploads\/2012\/06\/svartavinbar_2.jpg\"><img loading=\"lazy\" class=\"alignright size-medium wp-image-3492\" src=\"http:\/\/www.skruttet.com\/blog\/wp-content\/uploads\/2012\/06\/svartavinbar_2-189x300.jpg\" alt=\"\" width=\"189\" height=\"300\" srcset=\"https:\/\/blog.skruttet.com\/wp-content\/uploads\/2012\/06\/svartavinbar_2-189x300.jpg 189w, https:\/\/blog.skruttet.com\/wp-content\/uploads\/2012\/06\/svartavinbar_2.jpg 200w\" sizes=\"(max-width: 189px) 100vw, 189px\" \/><\/a><br \/>\nM\u00e5larkl\u00e4derna har \u00e5kt p\u00e5 och en doft av solkr\u00e4m sprider sig i mitt lilla kontorsh\u00f6rn. Solen tar p\u00e5 mer \u00e4n man tror under m\u00e5lningen s\u00e5 det \u00e4r b\u00e4st att vara f\u00f6rsiktig.<\/p>\n<p>F\u00f6r n\u00e5gon dag sedan hade jag n\u00f6jet att f\u00e5 massor med rabarber. \u00a0Nu har dessa tagits omhand och finns i s\u00e5v\u00e4l fryst, kaka som kr\u00e4m form. Mums!!<\/p>\n<p>En av de saker jag uppskattar med k\u00f6ket h\u00e4r i v\u00e5r \u00c4nglag\u00e5rd \u00e4r att det \u00e4r v\u00e4lplanerat. Vilket leder till att det \u00e4r b\u00e5de roligt och inspirerande att vistas d\u00e4r.\u00a0Lika s\u00e5 uppskattar jag den fina frysen med mycket utrymme. \u00a0Perfekt d\u00e5 jag g\u00e4rna syssels\u00e4tter mig med att koka, safta och sylta n\u00e4r andan faller p\u00e5.<\/p>\n<p>Men m\u00e5ste nog se mig om efter en egen Maja till kommande s\u00e4song tror jag. Det \u00e4r en hj\u00e4lpreda som jag skulle ha mycket nytta av. Finns hon av modell mindre, tro??<br \/>\nVi skulle s\u00e4kert ha en ytterst givande relation i takt med att vinb\u00e4rsbuskarna ute p\u00e5 g\u00e5rden tar sig. Och under g\u00e5rdagen hade jag g\u00e4rna haft en Maja till hj\u00e4lp f\u00f6r att prova p\u00e5 \u00a0kokandet av rabarbersaft som jag aldrig f\u00f6rr lagat \ud83d\ude09<\/p>\n<p>Nehepp, nu kallar br\u00e4dmetrarna och penseln \ud83d\ude1b<br \/>\nHa en fin fredag,<br \/>\n\u00c4nglakramar!!<\/p>\n","protected":false},"excerpt":{"rendered":"<p>Fredag, sol och helg p\u00e5 kommande \ud83d\ude00 M\u00e5larkl\u00e4derna har \u00e5kt p\u00e5 och en doft av solkr\u00e4m sprider sig i mitt lilla kontorsh\u00f6rn. Solen tar p\u00e5 mer \u00e4n man tror under m\u00e5lningen s\u00e5 det \u00e4r b\u00e4st att vara f\u00f6rsiktig. F\u00f6r n\u00e5gon &hellip; <a href=\"https:\/\/blog.skruttet.com\/?p=3491\">Forts\u00e4tt l\u00e4sa <span class=\"meta-nav\">&rarr;<\/span><\/a><\/p>\n","protected":false},"author":1,"featured_media":0,"comment_status":"open","ping_status":"closed","sticky":false,"template":"","format":"standard","meta":[],"categories":[10,16],"tags":[],"_links":{"self":[{"href":"https:\/\/blog.skruttet.com\/index.php?rest_route=\/wp\/v2\/posts\/3491"}],"collection":[{"href":"https:\/\/blog.skruttet.com\/index.php?rest_route=\/wp\/v2\/posts"}],"about":[{"href":"https:\/\/blog.skruttet.com\/index.php?rest_route=\/wp\/v2\/types\/post"}],"author":[{"embeddable":true,"href":"https:\/\/blog.skruttet.com\/index.php?rest_route=\/wp\/v2\/users\/1"}],"replies":[{"embeddable":true,"href":"https:\/\/blog.skruttet.com\/index.php?rest_route=%2Fwp%2Fv2%2Fcomments&post=3491"}],"version-history":[{"count":0,"href":"https:\/\/blog.skruttet.com\/index.php?rest_route=\/wp\/v2\/posts\/3491\/revisions"}],"wp:attachment":[{"href":"https:\/\/blog.skruttet.com\/index.php?rest_route=%2Fwp%2Fv2%2Fmedia&parent=3491"}],"wp:term":[{"taxonomy":"category","embeddable":true,"href":"https:\/\/blog.skruttet.com\/index.php?rest_route=%2Fwp%2Fv2%2Fcategories&post=3491"},{"taxonomy":"post_tag","embeddable":true,"href":"https:\/\/blog.skruttet.com\/index.php?rest_route=%2Fwp%2Fv2%2Ftags&post=3491"}],"curies":[{"name":"wp","href":"https:\/\/api.w.org\/{rel}","templated":true}]}}