{"id":3525,"date":"2012-06-15T01:01:13","date_gmt":"2012-06-14T22:01:13","guid":{"rendered":"http:\/\/bloggen.fi\/skruttet\/?p=3525"},"modified":"2012-06-15T01:01:13","modified_gmt":"2012-06-14T22:01:13","slug":"da-orkar-man-battre","status":"publish","type":"post","link":"https:\/\/blog.skruttet.com\/?p=3525","title":{"rendered":"D\u00e5 orkar man b\u00e4ttre!"},"content":{"rendered":"<p>Sitter och hoppas p\u00e5 att en tr\u00f6ttheten ska visa sig.<\/p>\n<p>Har nu st\u00e5tt utan behandling en tag och sm\u00e4rtm\u00e4ssigt m\u00e5r jag som en prinsessa. Men hum\u00f6ret varierar kraftigt. Snacka om berg &#8211; och dalbana!! Ena stunden s\u00e5 glad och bekymmersfri f\u00f6r att senare sitta och grina \u00f6ver en liten bagatell som vanligtvis inte skulle p\u00e5verka mig n\u00e4mnv\u00e4rt.<\/p>\n<p>Jag f\u00e5r bita mig i l\u00e4ppen flera g\u00e5nger om dagen f\u00f6r att inte h\u00e4va ur mig on\u00f6digheter. F\u00f6r att inte s\u00e4ga saker jag inte menar och s\u00e5ra! Men det \u00e4r s\u00e5 sk\u00f6nt att bara f\u00e5 gr\u00e5ta en stund. Att inte beh\u00f6va f\u00f6rklara eller ber\u00e4tta d\u00e5 den tysta f\u00f6rst\u00e5elsen finns. Och det \u00e4r s\u00e5 sk\u00f6nt nuf\u00f6rtiden veta vad som \u00e4r vad. Jag\/ vi \u00a0var beredda p\u00e5 deth\u00e4r n\u00e4r pausen togs.<\/p>\n<p>Och turligt nog s\u00e4ger erfarenheten ocks\u00e5 att det blir b\u00e4ttre! Bara tiden f\u00e5r g\u00e5!<br \/>\nAnstr\u00e4nger mig verkligen och f\u00f6rs\u00f6ker h\u00e5lla tankarna p\u00e5 positiva, roliga saker.<br \/>\nD\u00e5 orkar man b\u00e4ttre! \ud83d\ude42<\/p>\n<p>Nu \u00e4r det dags att g\u00f6ra ett f\u00f6rs\u00f6k att sova,<br \/>\n\u00c4nglakramar!!<\/p>\n","protected":false},"excerpt":{"rendered":"<p>Sitter och hoppas p\u00e5 att en tr\u00f6ttheten ska visa sig. Har nu st\u00e5tt utan behandling en tag och sm\u00e4rtm\u00e4ssigt m\u00e5r jag som en prinsessa. Men hum\u00f6ret varierar kraftigt. Snacka om berg &#8211; och dalbana!! Ena stunden s\u00e5 glad och bekymmersfri &hellip; <a href=\"https:\/\/blog.skruttet.com\/?p=3525\">Forts\u00e4tt l\u00e4sa <span class=\"meta-nav\">&rarr;<\/span><\/a><\/p>\n","protected":false},"author":1,"featured_media":0,"comment_status":"open","ping_status":"closed","sticky":false,"template":"","format":"standard","meta":[],"categories":[10,11],"tags":[],"_links":{"self":[{"href":"https:\/\/blog.skruttet.com\/index.php?rest_route=\/wp\/v2\/posts\/3525"}],"collection":[{"href":"https:\/\/blog.skruttet.com\/index.php?rest_route=\/wp\/v2\/posts"}],"about":[{"href":"https:\/\/blog.skruttet.com\/index.php?rest_route=\/wp\/v2\/types\/post"}],"author":[{"embeddable":true,"href":"https:\/\/blog.skruttet.com\/index.php?rest_route=\/wp\/v2\/users\/1"}],"replies":[{"embeddable":true,"href":"https:\/\/blog.skruttet.com\/index.php?rest_route=%2Fwp%2Fv2%2Fcomments&post=3525"}],"version-history":[{"count":0,"href":"https:\/\/blog.skruttet.com\/index.php?rest_route=\/wp\/v2\/posts\/3525\/revisions"}],"wp:attachment":[{"href":"https:\/\/blog.skruttet.com\/index.php?rest_route=%2Fwp%2Fv2%2Fmedia&parent=3525"}],"wp:term":[{"taxonomy":"category","embeddable":true,"href":"https:\/\/blog.skruttet.com\/index.php?rest_route=%2Fwp%2Fv2%2Fcategories&post=3525"},{"taxonomy":"post_tag","embeddable":true,"href":"https:\/\/blog.skruttet.com\/index.php?rest_route=%2Fwp%2Fv2%2Ftags&post=3525"}],"curies":[{"name":"wp","href":"https:\/\/api.w.org\/{rel}","templated":true}]}}