{"id":3531,"date":"2012-06-17T01:19:27","date_gmt":"2012-06-16T22:19:27","guid":{"rendered":"http:\/\/bloggen.fi\/skruttet\/?p=3531"},"modified":"2012-06-17T01:19:27","modified_gmt":"2012-06-16T22:19:27","slug":"nagon-dag-nagon-gang-nagonstans","status":"publish","type":"post","link":"https:\/\/blog.skruttet.com\/?p=3531","title":{"rendered":"N\u00e5gon dag. N\u00e5gon g\u00e5ng. N\u00e5gonstans."},"content":{"rendered":"<p>L\u00e4ngtan g\u00f6r sig p\u00e5mind i h\u00f6gre grad \u00e4nnu en g\u00e5ng.<a href=\"http:\/\/www.skruttet.com\/blog\/wp-content\/uploads\/2012\/06\/liten-hand_2617473.jpg\"><img loading=\"lazy\" class=\"alignright size-medium wp-image-3532\" src=\"http:\/\/www.skruttet.com\/blog\/wp-content\/uploads\/2012\/06\/liten-hand_2617473-300x199.jpg\" alt=\"\" width=\"300\" height=\"199\" srcset=\"https:\/\/blog.skruttet.com\/wp-content\/uploads\/2012\/06\/liten-hand_2617473-300x199.jpg 300w, https:\/\/blog.skruttet.com\/wp-content\/uploads\/2012\/06\/liten-hand_2617473-450x300.jpg 450w, https:\/\/blog.skruttet.com\/wp-content\/uploads\/2012\/06\/liten-hand_2617473.jpg 626w\" sizes=\"(max-width: 300px) 100vw, 300px\" \/><\/a><br \/>\nL\u00e4ngtan efter det barn &#8211; den lilla \u00c4ngel vi en dag hoppas f\u00e5 m\u00f6ta.<br \/>\nM\u00f6ta f\u00f6r att sedan ta hand om som v\u00e5r dotter eller son.<\/p>\n<p>L\u00e4ngtan k\u00e4nns sv\u00e5r just nu.<br \/>\nMen \u00e4nnu v\u00e4ntar vi. \u00c4nnu hoppas vi.<br \/>\nOch \u00e4nnu tror vi p\u00e5 att den dagen d\u00e5 vi blir f\u00f6r\u00e4ldrar kommer att komma.<\/p>\n<p>N\u00e5gon dag. N\u00e5gon g\u00e5ng. N\u00e5gonstans.<\/p>\n<p><a href=\"http:\/\/www.youtube.com\/watch?feature=endscreen&amp;v=ARvSDkcm0k8&amp;NR=1\" target=\"_blank\">Marie Fredriksson &#8211; Tro<\/a><\/p>\n","protected":false},"excerpt":{"rendered":"<p>L\u00e4ngtan g\u00f6r sig p\u00e5mind i h\u00f6gre grad \u00e4nnu en g\u00e5ng. L\u00e4ngtan efter det barn &#8211; den lilla \u00c4ngel vi en dag hoppas f\u00e5 m\u00f6ta. M\u00f6ta f\u00f6r att sedan ta hand om som v\u00e5r dotter eller son. L\u00e4ngtan k\u00e4nns sv\u00e5r just &hellip; <a href=\"https:\/\/blog.skruttet.com\/?p=3531\">Forts\u00e4tt l\u00e4sa <span class=\"meta-nav\">&rarr;<\/span><\/a><\/p>\n","protected":false},"author":1,"featured_media":0,"comment_status":"open","ping_status":"closed","sticky":false,"template":"","format":"standard","meta":[],"categories":[3,8,14],"tags":[],"_links":{"self":[{"href":"https:\/\/blog.skruttet.com\/index.php?rest_route=\/wp\/v2\/posts\/3531"}],"collection":[{"href":"https:\/\/blog.skruttet.com\/index.php?rest_route=\/wp\/v2\/posts"}],"about":[{"href":"https:\/\/blog.skruttet.com\/index.php?rest_route=\/wp\/v2\/types\/post"}],"author":[{"embeddable":true,"href":"https:\/\/blog.skruttet.com\/index.php?rest_route=\/wp\/v2\/users\/1"}],"replies":[{"embeddable":true,"href":"https:\/\/blog.skruttet.com\/index.php?rest_route=%2Fwp%2Fv2%2Fcomments&post=3531"}],"version-history":[{"count":0,"href":"https:\/\/blog.skruttet.com\/index.php?rest_route=\/wp\/v2\/posts\/3531\/revisions"}],"wp:attachment":[{"href":"https:\/\/blog.skruttet.com\/index.php?rest_route=%2Fwp%2Fv2%2Fmedia&parent=3531"}],"wp:term":[{"taxonomy":"category","embeddable":true,"href":"https:\/\/blog.skruttet.com\/index.php?rest_route=%2Fwp%2Fv2%2Fcategories&post=3531"},{"taxonomy":"post_tag","embeddable":true,"href":"https:\/\/blog.skruttet.com\/index.php?rest_route=%2Fwp%2Fv2%2Ftags&post=3531"}],"curies":[{"name":"wp","href":"https:\/\/api.w.org\/{rel}","templated":true}]}}