{"id":3541,"date":"2012-06-20T16:45:40","date_gmt":"2012-06-20T13:45:40","guid":{"rendered":"http:\/\/bloggen.fi\/skruttet\/?p=3541"},"modified":"2012-06-20T16:45:40","modified_gmt":"2012-06-20T13:45:40","slug":"bland-kulorer-och-kartor","status":"publish","type":"post","link":"https:\/\/blog.skruttet.com\/?p=3541","title":{"rendered":"Bland kul\u00f6rer och kartor!"},"content":{"rendered":"<p>Hej hopp i sommarv\u00e4rmen!<a href=\"http:\/\/www.skruttet.com\/blog\/wp-content\/uploads\/2012\/06\/m\u00e5larrulle.jpg\"><img loading=\"lazy\" class=\"alignright size-medium wp-image-3542\" src=\"http:\/\/www.skruttet.com\/blog\/wp-content\/uploads\/2012\/06\/m\u00e5larrulle-300x200.jpg\" alt=\"\" width=\"300\" height=\"200\" srcset=\"https:\/\/blog.skruttet.com\/wp-content\/uploads\/2012\/06\/m\u00e5larrulle-300x200.jpg 300w, https:\/\/blog.skruttet.com\/wp-content\/uploads\/2012\/06\/m\u00e5larrulle.jpg 450w\" sizes=\"(max-width: 300px) 100vw, 300px\" \/><\/a><\/p>\n<p>Allt gott h\u00e4r. Nu har vi installerat oss i \u00c4nglaparadiset \u00e4nnu en g\u00e5ng \ud83d\ude42 Sk\u00f6nt att vara h\u00e4r!! S\u00e5 mitt i naturen, s\u00e5 mitt i lugnet och tystnaden.\u00a0Det \u00e4nda som h\u00f6rs \u00e4r &lt;3-\u00c4ngeln som forts\u00e4tter med projektet som vi p\u00e5b\u00f6rjade sist vi var h\u00e4r.\u00a0Jag h\u00e5ller mig undan f\u00f6r tillf\u00e4llet i v\u00e4ntan p\u00e5 att kunna bist\u00e5 med en hj\u00e4lpande hand och under kv\u00e4llen ska jag ta penseln, eller n\u00e4rmare best\u00e4mt rullen i hand \u00e4ven h\u00e4r och b\u00f6rja m\u00e5la.<\/p>\n<p>Sp\u00e4nnande ska det bli att se den slutliga kul\u00f6ren sedan &#8211; p\u00e5 f\u00e4rgkartan s\u00e5g den riktigt fin ut. Men nyansen p\u00e5 karta och i verkligheten brukar ju inte alltid st\u00e4mma \u00f6verens. Det \u00e4r en ju en hel djungel av kul\u00f6rer och f\u00e4rgkartor &#8211; otroligt vad valm\u00f6jligheter det finns \ud83d\ude42<\/p>\n<p>Nehepp nu \u00e4r det dags att b\u00f6rja t\u00e4nka p\u00e5 middagsfix.<br \/>\nTror det f\u00e5r bli pizza eller grillat i dag \ud83d\ude00<\/p>\n<p>M\u00e5 s\u00e5 gott,<br \/>\n\u00c4nglakramar!!<\/p>\n","protected":false},"excerpt":{"rendered":"<p>Hej hopp i sommarv\u00e4rmen! Allt gott h\u00e4r. Nu har vi installerat oss i \u00c4nglaparadiset \u00e4nnu en g\u00e5ng \ud83d\ude42 Sk\u00f6nt att vara h\u00e4r!! S\u00e5 mitt i naturen, s\u00e5 mitt i lugnet och tystnaden.\u00a0Det \u00e4nda som h\u00f6rs \u00e4r &lt;3-\u00c4ngeln som forts\u00e4tter med &hellip; <a href=\"https:\/\/blog.skruttet.com\/?p=3541\">Forts\u00e4tt l\u00e4sa <span class=\"meta-nav\">&rarr;<\/span><\/a><\/p>\n","protected":false},"author":1,"featured_media":0,"comment_status":"open","ping_status":"closed","sticky":false,"template":"","format":"standard","meta":[],"categories":[10,16],"tags":[],"_links":{"self":[{"href":"https:\/\/blog.skruttet.com\/index.php?rest_route=\/wp\/v2\/posts\/3541"}],"collection":[{"href":"https:\/\/blog.skruttet.com\/index.php?rest_route=\/wp\/v2\/posts"}],"about":[{"href":"https:\/\/blog.skruttet.com\/index.php?rest_route=\/wp\/v2\/types\/post"}],"author":[{"embeddable":true,"href":"https:\/\/blog.skruttet.com\/index.php?rest_route=\/wp\/v2\/users\/1"}],"replies":[{"embeddable":true,"href":"https:\/\/blog.skruttet.com\/index.php?rest_route=%2Fwp%2Fv2%2Fcomments&post=3541"}],"version-history":[{"count":0,"href":"https:\/\/blog.skruttet.com\/index.php?rest_route=\/wp\/v2\/posts\/3541\/revisions"}],"wp:attachment":[{"href":"https:\/\/blog.skruttet.com\/index.php?rest_route=%2Fwp%2Fv2%2Fmedia&parent=3541"}],"wp:term":[{"taxonomy":"category","embeddable":true,"href":"https:\/\/blog.skruttet.com\/index.php?rest_route=%2Fwp%2Fv2%2Fcategories&post=3541"},{"taxonomy":"post_tag","embeddable":true,"href":"https:\/\/blog.skruttet.com\/index.php?rest_route=%2Fwp%2Fv2%2Ftags&post=3541"}],"curies":[{"name":"wp","href":"https:\/\/api.w.org\/{rel}","templated":true}]}}